{"id":644323,"date":"2026-01-06T08:09:42","date_gmt":"2026-01-06T08:09:42","guid":{"rendered":"https:\/\/www.europesays.com\/fr\/644323\/"},"modified":"2026-01-06T08:09:42","modified_gmt":"2026-01-06T08:09:42","slug":"superenduro-2026-en-allemagne-billy-bolt-parfait-josep-garcia-sur-le-podium","status":"publish","type":"post","link":"https:\/\/www.europesays.com\/fr\/644323\/","title":{"rendered":"SuperEnduro 2026 en Allemagne : Billy Bolt parfait, Josep Garcia sur le podium"},"content":{"rendered":"<p><img decoding=\"async\" width=\"780\" height=\"520\" loading=\"lazy\" src=\"https:\/\/www.europesays.com\/fr\/wp-content\/uploads\/2026\/01\/Husqvarna-Factory-Racing-Billy-Bolt-2026-FIM-SuperEnduro-World-Championship-Round-2-Germany.jpg\" alt=\"superenduro 2026\" class=\"wp-image-59197\"  \/><\/p>\n<p>Le SuperEnduro 2026 faisait ce week-end sa halte traditionnelle \u00e0  <a href=\"https:\/\/www.enduromag.fr\/mondial-superenduro-en-allemagne-billy-bolt-dominateur\/\" target=\"_blank\" rel=\"noreferrer noopener\">Riesa<\/a>, sur un circuit toujours aussi exigeant avec son sable profond, ses sections techniques et son pont qui am\u00e8ne \u00e0 chaque fois du spectacle. Un terrain de jeu id\u00e9al pour Billy Bolt, une nouvelle fois imp\u00e9rial tout au long de la soir\u00e9e.<\/p>\n<p>Car si Jonny Walker a domin\u00e9 les essais et les qualifications,  c\u2019est bien au moment cl\u00e9 de la SuperPole que Billy Bolt a frapp\u00e9 fort. Une erreur a rel\u00e9gu\u00e9 Jonny Walker en cinqui\u00e8me position, compliquant sa soir\u00e9e, tandis que Josep Garcia se signalait d\u00e9j\u00e0 avec une tr\u00e8s belle prestation en prenant la deuxi\u00e8me place<\/p>\n<p>Parti en t\u00eate de la premi\u00e8re course, Bolt a connu quelques moments de flottement. Walker en a profit\u00e9 bri\u00e8vement, avant de commettre \u00e0 son tour des erreurs qui ont permis au champion du monde de reprendre l\u2019avantage et de s\u2019imposer. Karlsson compl\u00e8te le podium devant Garcia.<\/p>\n<p>Auteur d\u2019un d\u00e9part spectaculaire depuis la deuxi\u00e8me ligne dans la finale 2, Bolt a pris imm\u00e9diatement le contr\u00f4le de la course et s\u2019est offert une victoire nette, malgr\u00e9 un arm pump persistant. Walker termine deuxi\u00e8me, sans pouvoir menacer le leader, devant Eddie Karlsson, une nouvelle fois rapide avec sa Stark.<\/p>\n<p>La derni\u00e8re manche a confirm\u00e9 la domination de BB57, auteur du holeshot et d\u2019une course parfaitement ma\u00eetris\u00e9e. Derri\u00e8re, la lutte a \u00e9t\u00e9 intense, mais aucune menace ne venait perturber le Britannique jusqu\u2019au drapeau. La lutte derri\u00e8re a \u00e9t\u00e9 superbe, opposant Eddie Karlsson \u00e0 un Josep Garcia en pleine mont\u00e9e en puissance, gagnant en confiance \u00e0 chaque manche, avec Jonny Walker juste dans leur sillage. L\u2019Espagnol a port\u00e9 l\u2019attaque sur Karlsson, visiblement en perte de rythme, avant que plusieurs erreurs n\u2019aient permis ensuite \u00e0 Walker, Mitch Brightmore et Dominik Olszowy de s\u2019infiltrer, lui co\u00fbtant ainsi une place sur le podium final.<\/p>\n<p>Avec la SuperPole, trois victoires de manche et le meilleur tour en course, Billy Bolt signe une nouvelle soir\u00e9e parfaite. Jonny Walker, deuxi\u00e8me du g\u00e9n\u00e9ral, pourra regretter ses erreurs et des soucis physiques qui lui co\u00fbtent de pr\u00e9cieux points au championnat. Mais la belle surprise est venue de Josep Garcia : pour sa premi\u00e8re saison en SuperEnduro, le champion du monde EnduroGP monte sur son premier podium indoor et s\u2019impose comme l\u2019une des attractions de la saison, avant son \u00e9preuve \u00e0 domicile \u00e0 Bilbao. <\/p>\n<p>En Junior, victoire \u00e0 domicile de l\u2019Allemand Milan Schmuser devant Toby Shaw et Henry Strauss. On notera le beau top 5 de L\u00e9o Joyon, loin de sa sp\u00e9cialit\u00e9 ! <\/p>\n<p>Les r\u00e9sultats complets de ce round 2 du championnat du monde SuperEnduro 2026<a href=\"https:\/\/superenduro.org\/2026-results\/\" target=\"_blank\" rel=\"noreferrer noopener\"> ici. <\/a><\/p><\/p>\n","protected":false},"excerpt":{"rendered":"Le SuperEnduro 2026 faisait ce week-end sa halte traditionnelle \u00e0 Riesa, sur un circuit toujours aussi exigeant avec&hellip;\n","protected":false},"author":2,"featured_media":644324,"comment_status":"","ping_status":"","sticky":false,"template":"","format":"standard","meta":{"footnotes":""},"categories":[1587],"tags":[11,672,1804,1805,1803,1777,674,1801,12,1802],"class_list":{"0":"post-644323","1":"post","2":"type-post","3":"status-publish","4":"format-standard","5":"has-post-thumbnail","7":"category-allemagne","8":"tag-actualites","9":"tag-allemagne","10":"tag-bundesrepublik-deutschland","11":"tag-de","12":"tag-deutschland","13":"tag-eu","14":"tag-europe","15":"tag-germany","16":"tag-news","17":"tag-republique-federale-dallemagne"},"share_on_mastodon":{"url":"https:\/\/pubeurope.com\/@fr\/115847139445397577","error":""},"_links":{"self":[{"href":"https:\/\/www.europesays.com\/fr\/wp-json\/wp\/v2\/posts\/644323","targetHints":{"allow":["GET"]}}],"collection":[{"href":"https:\/\/www.europesays.com\/fr\/wp-json\/wp\/v2\/posts"}],"about":[{"href":"https:\/\/www.europesays.com\/fr\/wp-json\/wp\/v2\/types\/post"}],"author":[{"embeddable":true,"href":"https:\/\/www.europesays.com\/fr\/wp-json\/wp\/v2\/users\/2"}],"replies":[{"embeddable":true,"href":"https:\/\/www.europesays.com\/fr\/wp-json\/wp\/v2\/comments?post=644323"}],"version-history":[{"count":0,"href":"https:\/\/www.europesays.com\/fr\/wp-json\/wp\/v2\/posts\/644323\/revisions"}],"wp:featuredmedia":[{"embeddable":true,"href":"https:\/\/www.europesays.com\/fr\/wp-json\/wp\/v2\/media\/644324"}],"wp:attachment":[{"href":"https:\/\/www.europesays.com\/fr\/wp-json\/wp\/v2\/media?parent=644323"}],"wp:term":[{"taxonomy":"category","embeddable":true,"href":"https:\/\/www.europesays.com\/fr\/wp-json\/wp\/v2\/categories?post=644323"},{"taxonomy":"post_tag","embeddable":true,"href":"https:\/\/www.europesays.com\/fr\/wp-json\/wp\/v2\/tags?post=644323"}],"curies":[{"name":"wp","href":"https:\/\/api.w.org\/{rel}","templated":true}]}}