{"id":644329,"date":"2026-01-06T08:12:14","date_gmt":"2026-01-06T08:12:14","guid":{"rendered":"https:\/\/www.europesays.com\/fr\/644329\/"},"modified":"2026-01-06T08:12:14","modified_gmt":"2026-01-06T08:12:14","slug":"top-14-chapeau-pour-son-integration-et-ce-quil-arrive-a-faire-en-six-mois-kirill-fraindt-ou-quand-un-russe-de-19-ans-scotche-la-rochelle","status":"publish","type":"post","link":"https:\/\/www.europesays.com\/fr\/644329\/","title":{"rendered":"Top 14 &#8211; \u00ab\u00a0Chapeau pour son int\u00e9gration et ce qu\u2019il arrive \u00e0 faire en six mois\u00a0\u00bb : Kirill Fraindt ou quand un Russe de 19 ans scotche La Rochelle"},"content":{"rendered":"<p>\n                Courtis\u00e9 par plusieurs \u00e9curies fran\u00e7aises l\u2019\u00e9t\u00e9 dernier, le tr\u00e8s prometteur avant russe de 19 ans Kirill Fraindt se distingue d\u00e9j\u00e0 avec son club de La Rochelle. Auteur de son premier essai en Top 14 pour entamer 2026, une semaine apr\u00e8s une titularisation au Stadium de Toulouse, le deuxi\u00e8me ou troisi\u00e8me ligne commence \u00e0 \u00e9pater son monde, aussi bien de par sa pointe de vitesse et son engagement que\u2026 sa ma\u00eetrise du fran\u00e7ais, symbole de sa d\u00e9termination.\u00a0\n            <\/p>\n<p>On ne s\u2019attendait pas forc\u00e9ment \u00e0 le voir d\u00e9barquer, dimanche soir, aux alentours de 23h30, dans la salle de presse du Stade Marcel-Deflandre. Encore moins qu\u2019il soit le premier Rochelais \u00e0 sacrifier \u00e0 l\u2019exercice m\u00e9diatique d\u2019un match du dimanche soir. Mais d\u00e8s ses premiers mots, la pr\u00e9sence du jeune mais imposant Russe (1,97 m, 100 kilos) est apparue comme une \u00e9vidence.<\/p>\n<p>Ou comment, l\u2019espace d\u2019une poign\u00e9e de minutes, Kirill Fraindt, auteur de l\u2019un des dix essais maritimes d\u2019une soir\u00e9e de r\u00eave face aux minots du RCT (66-0), est venu confirmer face aux nombreux micros et cam\u00e9ras l\u2019\u00e9tendue d\u2019une d\u00e9termination qui \u00e9tait d\u00e9j\u00e0 revenue plusieurs fois aux oreilles des suiveurs du Stade rochelais, depuis l\u2019arriv\u00e9e du jeune homme \u00e0 l\u2019\u00e9t\u00e9 2025.<\/p>\n<p>D\u00e9j\u00e0, fait inattendu, et tout sauf anecdotique, celui qui est per\u00e7u comme l\u2019un des prodiges de sa g\u00e9n\u00e9ration (2006) s\u2019est exprim\u00e9 en\u2026 fran\u00e7ais ! Et pas juste histoire de balbutier trois mots. Fraindt s\u2019est montr\u00e9 impressionnant de ma\u00eetrise pour un gamin de 19 ans, en m\u00eame pas un semestre d\u2019immersion. \u00ab\u00a0J\u2019essaie de faire de mon mieux, en sourit-il. Je ne le parlais pas fran\u00e7ais avant. On a des cours tous les jours au club apr\u00e8s l\u2019entra\u00eenement. 1 h par jour, avec les Argentins.\u00a0\u00bb<\/p>\n<p>L\u2019avant \u00ab\u00a0le plus rapide\u00a0\u00bb de La Rochelle<\/p>\n<p>\u00ab\u00a0Il est de plus en plus \u00e0 l\u2019aise avec tout le monde, il fait des progr\u00e8s \u00e9normes en fran\u00e7ais, \u00e7a m\u2019impressionne, est venu livrer quelques minutes plus tard son co\u00e9quipier Charles Kante Samba. On peut tenir une discussion compl\u00e8te en fran\u00e7ais sur le terrain, il prend de la confiance sur le terrain, il continue \u00e0 te parler en fran\u00e7ais donc \u00e7a te rassure, \u00e7a le rassure et il peut exploiter toutes ses comp\u00e9tences.\u00a0\u00bb Celles d\u2019un flanker \u2013 capable de monter dans la cage \u2013 r\u00e9put\u00e9 v\u00e9loce, \u00e0 l\u2019aise aussi bien balle en main (2 franchissements en 5 courses en Top 14) que sur les phases d\u00e9fensives (2 turnovers et 9 plaquages en Coupe des Champions). Bien que rattrap\u00e9 par le short une semaine plus t\u00f4t au moment de filer dans l\u2019en-but toulousain, \u00ab\u00a0il va tr\u00e8s vite, c\u2019est l\u2019avant le plus rapide de l\u2019effectif\u00a0\u00bb, glissait dimanche soir l\u2019un des entra\u00eeneurs de la caravelle rochelaise, R\u00e9mi Tal\u00e8s.<\/p>\n<p>        <img decoding=\"async\" class=\"std-img__img responsive-img\" src=\"https:\/\/www.europesays.com\/fr\/wp-content\/uploads\/2026\/01\/1767687134_349_image.jpg\" alt=\"A seulement 19 ans, Kirill Fraindt a d\u00e9j\u00e0 disput\u00e9 quatre rencontres avec les professionnels depuis fin novembre.\"\/><\/p>\n<p>                A seulement 19 ans, Kirill Fraindt a d\u00e9j\u00e0 disput\u00e9 quatre rencontres avec les professionnels depuis fin novembre.<br \/>\n                                    Icon Sport &#8211; Ewen Gavet<\/p>\n<p>\u00ab\u00a0J\u2019aime bien marquer des points pour ce club. C\u2019est une super opportunit\u00e9 et une bonne performance pour moi. \u00c0 Toulouse, c\u2019\u00e9tait proche, aussi.\u00a0\u00bb Tr\u00e8s \u00e9mu au moment d\u2019\u00e9voquer son essai, le premier en pro, pas loin de l\u00e2cher une larme, le Russe avait aussi l\u2019\u0153il rieur en repensant \u00e0 ce sauvetage de Romain Ntamack au Stadium. On a connu moins prestigieux comme th\u00e9\u00e2tre pour une premi\u00e8re titularisation en championnat, n\u2019est-ce-pas ?<\/p>\n<p>Spectateur d\u2019un match de La Rochelle \u00e0 12 ans<\/p>\n<p>Le Supersevens, le Top 14, la Champions Cup\u2026 C\u2019est peu dire que tout le semestre \u00e9coul\u00e9 a vir\u00e9 plus que parfait pour Kirill Fraindt. \u00ab\u00a0\u00c7a va vite, mais j\u2019ai fait beaucoup et travaill\u00e9 dur pour \u00e7a. Jouer pour cette \u00e9quipe\u2026 It\u2019s my dream ! (c\u2019est mon r\u00eave !) C\u2019est tout. J\u2019aime faire de mon mieux pour l\u2019\u00e9quipe, pour le club, pour ce maillot\u00a0\u00bb, livre-t-il, l\u2019index point\u00e9 sur le logo de la caravelle. Et avant d\u2019aller taper la pose avec Ma\u2019a Nonu dans les couloirs de Deflandre, un stade d\u00e9j\u00e0 dans son c\u0153ur.<\/p>\n<p>\u00ab\u00a0J\u2019aime bien le public ici, c\u2019est \u00e9norme. C\u2019est le feu ! J\u2019aime bien \u00eatre ici, merci beaucoup \u00e0 tous les supporteurs. Il y a beaucoup moins de monde en Russie o\u00f9 les grands matchs se jouent devant 10 000 personnes, ce n\u2019est pas beaucoup par rapport \u00e0 ici (18 000 places).\u00a0\u00bb Le n\u00e9o-rochelais en sait quelque chose, lui qui, pour l\u2019anecdote, \u00e9tait notamment pr\u00e9sent en tribunes lors du Enisey-La Rochelle d\u2019octobre 2018, affiche de poules de Challenge Cup. \u00ab\u00a0J\u2019ai des photos avec Victor Vito et quelques autres, se rappelle-t-il tout sourire. Je connaissais Jules Favre, Uini (Atonio), \u00ab Greg \u00bb (Alldritt)\u2026 Mon club en Russie, c\u2019\u00e9tait justement Enisey, en Sib\u00e9rie, \u00e0 Krasno\u00efarsk.\u00a0\u00bb Le pr\u00e9c\u00e9dent joueur form\u00e9 l\u00e0-bas \u00e0 avoir \u00e9volu\u00e9 en Top 14 n\u2019est d\u2019ailleurs autre que son agent, un certain Kirill Kulemin, plus de cent matchs dans l\u2019\u00e9lite du rugby fran\u00e7ais au d\u00e9but du si\u00e8cle. Sous les maillots d\u2019Agen puis de Castres.<\/p>\n<p>Un potentiel qui saute aux yeux<\/p>\n<p>R\u00e9cent pensionnaire de la SAS Rugby Academy en Afrique du Sud avant d\u2019arriver \u00e0 La Rochelle, courtis\u00e9 par plusieurs clubs en France, le tr\u00e8s prometteur avant russe avait tap\u00e9 dans l\u2019\u0153il d\u2019un ancien de la maison maritime, \u00ab\u00a0Damien Neveu, qui, conquis apr\u00e8s une semaine en immersion du flanker ou deuxi\u00e8me ligne \u00e0 Mont-de-Marsan (il y entra\u00eenait alors les espoirs, N.D.L.R.), avait souffl\u00e9 son nom aux dirigeants stadistes, les Landais n\u2019ayant pas donn\u00e9 suite\u00a0\u00bb, racontait lundi matin nos confr\u00e8res de <a href=\"https:\/\/www.sudouest.fr\/sport\/rugby\/stade-rochelais\/j-ai-des-photos-avec-victor-vito-pour-le-rochelais-kirill-fraindt-19-ans-le-reve-devient-realite-27294627.php\" target=\"_self\" rel=\"noopener\"><strong>Sud Ouest<\/strong><\/a>.<\/p>\n<p>Six mois plus tard, R\u00e9mi Tal\u00e8s tire \u00e0 Fraindt son \u00ab\u00a0chapeau\u00a0\u00bb. \u00ab\u00a0Pour son int\u00e9gration et ce qu\u2019il arrive \u00e0 faire en six mois, poursuit l\u2019adjoint de Ronan O\u2019Gara. C\u2019est assez exceptionnel ce qu\u2019il fait, et la mani\u00e8re dont il s\u2019est int\u00e9gr\u00e9. Il y a six mois, il jouait en Russie ! Il est arriv\u00e9 sur la pointe des pieds avec les Espoirs et il a fait la pr\u00e9saison avec nous. On a vite senti qu\u2019il y avait \u00e9norm\u00e9ment de d\u00e9termination et de talent derri\u00e8re ce jeune Kirill. Il a appris le fran\u00e7ais en trois mois, il est toujours en demande de conseils, il veut progresser.\u00a0\u00bb<\/p>\n<p>International U20 russe, solide \u00e9l\u00e9ment des s\u00e9lections nationales depuis son adolescence, le Rochelais deviendra-t-il une figure embl\u00e9matique du rugby au pays, dans le sillage de son agent ou encore d\u2019Andrei Ostrikov qu\u2019il a crois\u00e9 il y a quelques semaines, et alors que les \u00ab Ours \u00bb, redescendus au 32e\u00a0rang mondial, sont suspendus depuis 2022 et l\u2019intensification du conflit russo-ukrainien de toutes comp\u00e9titions internationales par World Rugby ? Quoi qu\u2019il arrive par la suite, Kirill Fraindt est en tout cas en train de se faire un nom dans le paysage rugbystique fran\u00e7ais. <\/p>\n","protected":false},"excerpt":{"rendered":"Courtis\u00e9 par plusieurs \u00e9curies fran\u00e7aises l\u2019\u00e9t\u00e9 dernier, le tr\u00e8s prometteur avant russe de 19 ans Kirill Fraindt se&hellip;\n","protected":false},"author":2,"featured_media":644330,"comment_status":"","ping_status":"","sticky":false,"template":"","format":"standard","meta":{"footnotes":""},"categories":[2],"tags":[11,1011,27,70921,12,75066,25],"class_list":{"0":"post-644329","1":"post","2":"type-post","3":"status-publish","4":"format-standard","5":"has-post-thumbnail","7":"category-actualites","8":"tag-actualites","9":"tag-fr","10":"tag-france","11":"tag-midi-olympique","12":"tag-news","13":"tag-pu00e9pites","14":"tag-republique-francaise"},"share_on_mastodon":{"url":"https:\/\/pubeurope.com\/@fr\/115847151312402247","error":""},"_links":{"self":[{"href":"https:\/\/www.europesays.com\/fr\/wp-json\/wp\/v2\/posts\/644329","targetHints":{"allow":["GET"]}}],"collection":[{"href":"https:\/\/www.europesays.com\/fr\/wp-json\/wp\/v2\/posts"}],"about":[{"href":"https:\/\/www.europesays.com\/fr\/wp-json\/wp\/v2\/types\/post"}],"author":[{"embeddable":true,"href":"https:\/\/www.europesays.com\/fr\/wp-json\/wp\/v2\/users\/2"}],"replies":[{"embeddable":true,"href":"https:\/\/www.europesays.com\/fr\/wp-json\/wp\/v2\/comments?post=644329"}],"version-history":[{"count":0,"href":"https:\/\/www.europesays.com\/fr\/wp-json\/wp\/v2\/posts\/644329\/revisions"}],"wp:featuredmedia":[{"embeddable":true,"href":"https:\/\/www.europesays.com\/fr\/wp-json\/wp\/v2\/media\/644330"}],"wp:attachment":[{"href":"https:\/\/www.europesays.com\/fr\/wp-json\/wp\/v2\/media?parent=644329"}],"wp:term":[{"taxonomy":"category","embeddable":true,"href":"https:\/\/www.europesays.com\/fr\/wp-json\/wp\/v2\/categories?post=644329"},{"taxonomy":"post_tag","embeddable":true,"href":"https:\/\/www.europesays.com\/fr\/wp-json\/wp\/v2\/tags?post=644329"}],"curies":[{"name":"wp","href":"https:\/\/api.w.org\/{rel}","templated":true}]}}