{"id":644345,"date":"2026-01-06T08:27:10","date_gmt":"2026-01-06T08:27:10","guid":{"rendered":"https:\/\/www.europesays.com\/fr\/644345\/"},"modified":"2026-01-06T08:27:10","modified_gmt":"2026-01-06T08:27:10","slug":"matthieu-delormeau-son-petit-stratageme-pour-payer-moins-cher-sa-suite-dans-un-palace-de-luxe","status":"publish","type":"post","link":"https:\/\/www.europesays.com\/fr\/644345\/","title":{"rendered":"Matthieu Delormeau : son petit stratag\u00e8me pour payer moins cher sa suite dans un palace de luxe"},"content":{"rendered":"<p><strong>Matthieu Delormeau<\/strong> fait un retour remarqu\u00e9 \u00e0 la<br \/>\nt\u00e9l\u00e9vision apr\u00e8s plusieurs ann\u00e9es marqu\u00e9es par des hauts et des<br \/>\nbas. Connu pour son franc-parler et son \u00e9nergie sur les plateaux,<br \/>\nl\u2019animateur a travers\u00e9 des p\u00e9riodes difficiles, confront\u00e9 \u00e0 des<br \/>\nprobl\u00e8mes de sant\u00e9 et \u00e0 des \u00e9pisodes de d\u00e9pendance qui l\u2019ont<br \/>\n\u00e9loign\u00e9 des \u00e9crans.<\/p>\n<p>Aujourd\u2019hui remis sur pied, il retrouve le public dans <a href=\"https:\/\/www.closermag.fr\/tv_tele_realite\/de-la-drogue-dans-les-coulisses-de-tbt9-se-faire-une-ligne-les-chroniqueurs-brisent-le-tabou-3580814\" target=\"_blank\" rel=\"noopener\"><br \/>\nTBT9<\/a> avec sinc\u00e9rit\u00e9 et n\u2019h\u00e9site plus \u00e0 \u00e9voquer ses<br \/>\nexp\u00e9riences personnelles, qu\u2019il s\u2019agisse de ses choix de vie, de<br \/>\nses amiti\u00e9s ou de ses <strong>petites ruses<\/strong> pour profiter<br \/>\npleinement des soir\u00e9es et des \u00e9v\u00e9nements qu\u2019il fr\u00e9quente.<\/p>\n<blockquote class=\"twitter-tweet\"><p><a class=\"twitter-link\" rel=\"noindex, nofollow noopener\" href=\"https:\/\/twitter.com\/TBT9_W9\/status\/2008236622329114695\" target=\"_blank\"><\/p><\/blockquote>\n<p>Matthieu Delormeau raconte son<br \/>\nr\u00e9veillon<\/p>\n<p data-start=\"250\" data-end=\"1363\">Interrog\u00e9 sur sa soir\u00e9e du<br \/>\nNouvel An ce lundi 5 janvier, Matthieu Delormeau s\u2019est livr\u00e9 sans<br \/>\nd\u00e9tour : \u00ab\u00a0Alors moi je ne suis pas radin mais j&rsquo;aime pas<br \/>\nd\u00e9penser. Alors en fait <strong>je le fais le 30 et je suis dans<br \/>\nune bo\u00eete<\/strong> pour personnes sensibles. Avec des copains et<br \/>\ndes copines, mais y&rsquo;a pas de copines. Voil\u00e0, je me suis amus\u00e9. Chez<br \/>\nnous, \u00e7a veut dire on ne conna\u00eet pas les pr\u00e9noms. On mange beaucoup<br \/>\nmais on sait pas ce qu&rsquo;on mange\u00a0\u00bb. Cyril Hanouna s\u2019empare de la<br \/>\nremarque : \u00ab\u00a0C&rsquo;est \u00e7a, c&rsquo;est comme un restaurant \u00e0 l&rsquo;aveugle, on<br \/>\nmange beaucoup mais on sait pas ce qu&rsquo;on mange. Buffet \u00e0<br \/>\nvolont\u00e9\u00a0\u00bb.<\/p>\n<p data-start=\"250\" data-end=\"1363\">Matthieu poursuit : \u00ab\u00a0Et le<br \/>\n31 en revanche, h\u00f4tel, mon meilleur ami, devant la t\u00e9l\u00e9,<br \/>\ncoucher\u00a0\u00bb provoquant l\u2019incr\u00e9dulit\u00e9 du plateau. \u00ab\u00a0Ton<br \/>\nmeilleur ami ?\u00a0\u00bb s\u2019\u00e9tonne <a href=\"https:\/\/www.closermag.fr\/people\/lea-salame-un-piege-cyril-hanouna-fou-de-rage-contre-lanimatrice-3607906\" target=\"_blank\" rel=\"noopener\"><br \/>\nCyril Hanouna<\/a>. Matthieu Delormeau pr\u00e9cise alors : \u00ab\u00a0Avec<br \/>\nBeno\u00eet. Non mais arr\u00eatez tous vraiment, tous les jours de penser<br \/>\nque je suis le mec de Beno\u00eet. C&rsquo;est mon meilleur ami et on \u00e9tait<br \/>\ndans un h\u00f4tel que tu connais bien parce que <strong>je r\u00e9serve<br \/>\ntoujours sous ton nom pour gagner 500 balles<\/strong>. Et \u00e7a marche<br \/>\nchaque fois au Trianon Palace \u00e0 Versailles\u00a0\u00bb.<\/p>\n<p>Le<br \/>\nchroniqueur avoue sa technique et \u00e7a fait mourir de rire Cyril<br \/>\nHanouna<\/p>\n<p data-start=\"1365\" data-end=\"2507\">Il explique ensuite sa<br \/>\ntechnique pour obtenir des chambres de luxe \u00e0 prix r\u00e9duit :<br \/>\n\u00ab\u00a0Comme il y va souvent et il est connu l\u00e0-bas je fais toujours<br \/>\nla m\u00eame chose : &lsquo;bonjour, je suis l&rsquo;assistant de monsieur Hanouna<br \/>\nqui aimerait bien se reposer quelques jours. Et il lui faut une<br \/>\nJunior Suite&rsquo;. Quand j&rsquo;arrive, ils me connaissent quand m\u00eame. Je<br \/>\ndis &lsquo;oui monsieur Hanouna, il a pas pu venir et tout, mais je<br \/>\nprends la chambre&rsquo;. <strong>Et \u00e0 chaque fois j&rsquo;ai \u00e0 peu pr\u00e8s 30% et<br \/>\nj&rsquo;ai la Junior Suite<\/strong>\u00ab\u00a0.<\/p>\n<p data-start=\"1365\" data-end=\"2507\"><a href=\"https:\/\/www.closermag.fr\/tv_tele_realite\/ca-chauffe-entre-sarah-saldman-et-raymond-aabou-on-ne-sait-plus-ou-se-cacher-meme-cyril-hanouna-est-gene-3522768\" target=\"_blank\" rel=\"noopener\"><br \/>\nRaymond<\/a> confirme en riant : \u00ab\u00a0C&rsquo;est incroyable ! Moi je fais<br \/>\npareil, quand ils me voient arriver, ils disent &lsquo;il est pas l\u00e0<br \/>\nCyril ?&rsquo; Et moi tout de suite \u00e7a fait tilt dans ma t\u00eate d&rsquo;escroc.<br \/>\nJe dis direct qu&rsquo;il arrive. Donc on me dit &lsquo;attendez je vais vous<br \/>\nsurclasser. Je vous change de chambre'\u00a0\u00bb. Les deux animateurs<br \/>\npr\u00e9cisent qu\u2019ils appliquent <strong>la m\u00eame technique pour r\u00e9server<br \/>\nune table<\/strong> dans un restaurant luxueux, provoquant les<br \/>\n\u00e9clats de rire de Cyril Hanouna : \u00ab\u00a0Non, mais attendez, avec vos<br \/>\nconneries, je vais plus avoir de table nulle part\u00a0\u00bb.<\/p>\n<p><script async src=\"https:\/\/platform.twitter.com\/widgets.js\" charset=\"utf-8\"><\/script><\/p>\n","protected":false},"excerpt":{"rendered":"Matthieu Delormeau fait un retour remarqu\u00e9 \u00e0 la t\u00e9l\u00e9vision apr\u00e8s plusieurs ann\u00e9es marqu\u00e9es par des hauts et des&hellip;\n","protected":false},"author":2,"featured_media":644346,"comment_status":"","ping_status":"","sticky":false,"template":"","format":"standard","meta":{"footnotes":""},"categories":[1356],"tags":[21303,58,59,1011,27,70202,252,65861,1364],"class_list":{"0":"post-644345","1":"post","2":"type-post","3":"status-publish","4":"format-standard","5":"has-post-thumbnail","7":"category-television","8":"tag-buzz_nonli","9":"tag-divertissement","10":"tag-entertainment","11":"tag-fr","12":"tag-france","13":"tag-marfeel_connexes","14":"tag-television","15":"tag-trend","16":"tag-tv"},"share_on_mastodon":{"url":"https:\/\/pubeurope.com\/@fr\/115847210253864520","error":""},"_links":{"self":[{"href":"https:\/\/www.europesays.com\/fr\/wp-json\/wp\/v2\/posts\/644345","targetHints":{"allow":["GET"]}}],"collection":[{"href":"https:\/\/www.europesays.com\/fr\/wp-json\/wp\/v2\/posts"}],"about":[{"href":"https:\/\/www.europesays.com\/fr\/wp-json\/wp\/v2\/types\/post"}],"author":[{"embeddable":true,"href":"https:\/\/www.europesays.com\/fr\/wp-json\/wp\/v2\/users\/2"}],"replies":[{"embeddable":true,"href":"https:\/\/www.europesays.com\/fr\/wp-json\/wp\/v2\/comments?post=644345"}],"version-history":[{"count":0,"href":"https:\/\/www.europesays.com\/fr\/wp-json\/wp\/v2\/posts\/644345\/revisions"}],"wp:featuredmedia":[{"embeddable":true,"href":"https:\/\/www.europesays.com\/fr\/wp-json\/wp\/v2\/media\/644346"}],"wp:attachment":[{"href":"https:\/\/www.europesays.com\/fr\/wp-json\/wp\/v2\/media?parent=644345"}],"wp:term":[{"taxonomy":"category","embeddable":true,"href":"https:\/\/www.europesays.com\/fr\/wp-json\/wp\/v2\/categories?post=644345"},{"taxonomy":"post_tag","embeddable":true,"href":"https:\/\/www.europesays.com\/fr\/wp-json\/wp\/v2\/tags?post=644345"}],"curies":[{"name":"wp","href":"https:\/\/api.w.org\/{rel}","templated":true}]}}