{"id":644359,"date":"2026-01-06T08:35:11","date_gmt":"2026-01-06T08:35:11","guid":{"rendered":"https:\/\/www.europesays.com\/fr\/644359\/"},"modified":"2026-01-06T08:35:11","modified_gmt":"2026-01-06T08:35:11","slug":"les-pays-de-la-coalition-des-volontaires-et-les-emissaires-americains-reunis-a-paris","status":"publish","type":"post","link":"https:\/\/www.europesays.com\/fr\/644359\/","title":{"rendered":"les pays de la \u00ab\u00a0coalition des volontaires\u00a0\u00bb et les \u00e9missaires am\u00e9ricains r\u00e9unis \u00e0 Paris"},"content":{"rendered":"<p>   Trente-cinq pays attendus \u00e0 Paris pour un sommet sur l\u2019Ukraine             <\/p>\n<p class=\"post__live-container--answer-text post__space-node\">Les pays europ\u00e9ens alli\u00e9s de l\u2019Ukraine et des \u00e9missaires am\u00e9ricains se retrouvent, mardi, \u00e0 Paris pour un sommet visant \u00e0 afficher leur \u00ab\u00a0convergence\u00a0\u00bb sur les garanties de s\u00e9curit\u00e9 \u00e0 fournir \u00e0 Kiev et pr\u00e9ciser les contours d\u2019une \u00ab\u00a0force multinationale\u00a0\u00bb en cas d\u2019accord de cessez-le-feu avec Moscou.<\/p>\n<p class=\"post__live-container--answer-text post__space-node\">Emmanuel Macron re\u00e7oit son homologue ukrainien, Volodymyr Zelensky, et les \u00e9missaires am\u00e9ricains Steve Witkoff et Jared Kushner \u2013 gendre de Donald Trump \u2013 pour un d\u00e9jeuner au palais pr\u00e9sidentiel de l\u2019Elys\u00e9e.<\/p>\n<p class=\"post__live-container--answer-text post__space-node\">Dans la foul\u00e9e, le sommet r\u00e9unira 35 pays, dont 27 repr\u00e9sent\u00e9s par des chefs d\u2019Etat ou de gouvernement tels que l\u2019Italienne Giorgia Meloni et le Canadien Mark Carney. Les dirigeants de l\u2019OTAN et de l\u2019Union europ\u00e9enne sont aussi attendus.<\/p>\n<p class=\"post__live-container--answer-text post__space-node\">L\u2019entourage du pr\u00e9sident fran\u00e7ais pr\u00e9sente cette nouvelle r\u00e9union de la \u00ab\u00a0coalition des volontaires\u00a0\u00bb comme l\u2019aboutissement des efforts qu\u2019il a commenc\u00e9 \u00e0 d\u00e9ployer il y a environ un an, apr\u00e8s l\u2019arriv\u00e9e de Donald Trump \u00e0 la Maison Blanche, pour \u00e9viter que les Etats-Unis ne \u00ab\u00a0l\u00e2chent l\u2019Ukraine\u00a0\u00bb.<\/p>\n<p class=\"post__live-container--answer-text post__space-node\">\u00ab\u00a0Nous avons r\u00e9ussi cet exercice de reconvergence entre l\u2019Ukraine, l\u2019Europe et l\u2019Am\u00e9rique\u00a0\u00bb, a dit, lundi \u00e0 la presse, un de ses conseillers, sur fond de nouvelle intensification des tractations diplomatiques depuis novembre, sous l\u2019impulsion de Washington, en vue d\u2019un accord avec la Russie pour mettre fin \u00e0 pr\u00e8s de quatre ans de guerre.<\/p>\n<p class=\"post__live-container--answer-text post__space-node\">Une conf\u00e9rence de presse est pr\u00e9vue en fin de journ\u00e9e, r\u00e9unissant les pr\u00e9sidents Macron et Zelensky, le premier ministre britannique, Keir Starmer, et le chancelier allemand, Friedrich Merz.<\/p>\n<p class=\"post__live-container--answer-text post__space-node\">A Berlin mi-d\u00e9cembre, plusieurs pays europ\u00e9ens avaient formalis\u00e9 leur proposition d\u2019une \u00ab\u00a0force multinationale pour l\u2019Ukraine\u00a0\u00bb soutenue par les Etats-Unis, qui avaient dit offrir des garanties de s\u00e9curit\u00e9 \u00ab\u00a0tr\u00e8s fortes\u00a0\u00bb.<\/p>\n<p class=\"post__live-container--answer-text post__space-node\">Mardi, les dirigeants doivent s\u2019engager sur leur vision commune des \u00ab\u00a0modalit\u00e9s d\u2019un cessez-le-feu\u00a0\u00bb futur entre l\u2019Ukraine et la Russie, la mani\u00e8re dont il pourra \u00eatre \u00ab\u00a0v\u00e9rifi\u00e9\u00a0\u00bb par \u00ab\u00a0des moyens techniques, des drones, des satellites\u00a0\u00bb plut\u00f4t que par un d\u00e9ploiement militaire terrestre, mais aussi sur leur riposte en cas de violation, a expliqu\u00e9 la pr\u00e9sidence fran\u00e7aise.<\/p>\n<p class=\"post__live-container--answer-text post__space-node\">Autre point \u00e0 l\u2019ordre du jour, selon la m\u00eame source\u00a0: les \u00ab\u00a0modalit\u00e9s op\u00e9rationnelles\u00a0\u00bb du \u00ab\u00a0d\u00e9ploiement d\u2019une force multinationale\u00a0\u00bb pour \u00ab\u00a0r\u00e9assurer l\u2019Ukraine dans les airs, sur la mer et \u00e0 terre\u00a0\u00bb face \u00e0 la menace d\u2019une nouvelle attaque russe apr\u00e8s un \u00e9ventuel accord de paix.<\/p>\n","protected":false},"excerpt":{"rendered":"Trente-cinq pays attendus \u00e0 Paris pour un sommet sur l\u2019Ukraine Les pays europ\u00e9ens alli\u00e9s de l\u2019Ukraine et des&hellip;\n","protected":false},"author":2,"featured_media":644360,"comment_status":"","ping_status":"","sticky":false,"template":"","format":"standard","meta":{"footnotes":""},"categories":[5],"tags":[11,1011,27,14,12,28],"class_list":{"0":"post-644359","1":"post","2":"type-post","3":"status-publish","4":"format-standard","5":"has-post-thumbnail","7":"category-international","8":"tag-actualites","9":"tag-fr","10":"tag-france","11":"tag-international","12":"tag-news","13":"tag-world"},"share_on_mastodon":{"url":"https:\/\/pubeurope.com\/@fr\/115847241687913520","error":""},"_links":{"self":[{"href":"https:\/\/www.europesays.com\/fr\/wp-json\/wp\/v2\/posts\/644359","targetHints":{"allow":["GET"]}}],"collection":[{"href":"https:\/\/www.europesays.com\/fr\/wp-json\/wp\/v2\/posts"}],"about":[{"href":"https:\/\/www.europesays.com\/fr\/wp-json\/wp\/v2\/types\/post"}],"author":[{"embeddable":true,"href":"https:\/\/www.europesays.com\/fr\/wp-json\/wp\/v2\/users\/2"}],"replies":[{"embeddable":true,"href":"https:\/\/www.europesays.com\/fr\/wp-json\/wp\/v2\/comments?post=644359"}],"version-history":[{"count":0,"href":"https:\/\/www.europesays.com\/fr\/wp-json\/wp\/v2\/posts\/644359\/revisions"}],"wp:featuredmedia":[{"embeddable":true,"href":"https:\/\/www.europesays.com\/fr\/wp-json\/wp\/v2\/media\/644360"}],"wp:attachment":[{"href":"https:\/\/www.europesays.com\/fr\/wp-json\/wp\/v2\/media?parent=644359"}],"wp:term":[{"taxonomy":"category","embeddable":true,"href":"https:\/\/www.europesays.com\/fr\/wp-json\/wp\/v2\/categories?post=644359"},{"taxonomy":"post_tag","embeddable":true,"href":"https:\/\/www.europesays.com\/fr\/wp-json\/wp\/v2\/tags?post=644359"}],"curies":[{"name":"wp","href":"https:\/\/api.w.org\/{rel}","templated":true}]}}