{"id":644382,"date":"2026-01-06T08:52:15","date_gmt":"2026-01-06T08:52:15","guid":{"rendered":"https:\/\/www.europesays.com\/fr\/644382\/"},"modified":"2026-01-06T08:52:15","modified_gmt":"2026-01-06T08:52:15","slug":"chevaigne-le-recensement-va-debuter-voici-a-quoi-ca-sert","status":"publish","type":"post","link":"https:\/\/www.europesays.com\/fr\/644382\/","title":{"rendered":"Chevaign\u00e9. Le recensement va d\u00e9buter\u00a0: voici \u00e0 quoi \u00e7a sert"},"content":{"rendered":"<p>La commune r\u00e9alise actuellement le recensement de sa population, \u00a0afin de mieux conna\u00eetre son \u00e9volution et d\u2019anticiper les besoins des habitants\u00a0. Chaque foyer est invit\u00e9 \u00e0 y participer.<\/p>\n<p>\u00a0Un courrier de Sandrine Vincent, la maire, sera distribu\u00e9 dans vos bo\u00eetes aux lettres pour informer de l\u2019op\u00e9ration\u00a0, adresse Ghislaine Lemp\u00e9ri\u00e8re, coordinatrice communale, aux habitants.<\/p>\n<p>Un agent recenseur, recrut\u00e9 par la mairie, fournira ensuite une notice pour participer en ligne, soit dans les bo\u00eetes aux lettres, soit en mains propres. Ces agents \u00e9taient form\u00e9s hier matin en marie, et ont d\u00e9j\u00e0 commenc\u00e9 \u00e0 faire du porte-\u00e0-porte.<\/p>\n<p>Les donn\u00e9es collect\u00e9es \u00a0sont essentielles\u00a0: elles d\u00e9terminent la dotation de l\u2019\u00c9tat \u00e0 la commune, le nombre d\u2019\u00e9lus au conseil municipal, l\u2019implantation des services et \u00e9quipements publics (\u00e9coles, transports, structures sportives, pharmacies,\u00a0etc.)\u00a0, indique Ghislaine Lemp\u00e9ri\u00e8re.<\/p>\n<p>Cette derni\u00e8re est joignable pour toute information par mail, \u00e0 l\u2019adresse ghislaine.lemperiere@chevaigne.fr, ainsi que la mairie par t\u00e9l\u00e9phone au 02\u00a099\u00a055\u00a082\u00a017.<\/p>\n<p>\u00a0<\/p>\n","protected":false},"excerpt":{"rendered":"La commune r\u00e9alise actuellement le recensement de sa population, \u00a0afin de mieux conna\u00eetre son \u00e9volution et d\u2019anticiper les&hellip;\n","protected":false},"author":2,"featured_media":644383,"comment_status":"","ping_status":"","sticky":false,"template":"","format":"standard","meta":{"footnotes":""},"categories":[2821],"tags":[1111,11,829,25538,42908,1777,674,1011,27,12,71923,3086,584,25,13438],"class_list":{"0":"post-644382","1":"post","2":"type-post","3":"status-publish","4":"format-standard","5":"has-post-thumbnail","7":"category-rennes","8":"tag-actu","9":"tag-actualites","10":"tag-bretagne","11":"tag-chevaigne","12":"tag-debuter","13":"tag-eu","14":"tag-europe","15":"tag-fr","16":"tag-france","17":"tag-news","18":"tag-recensement","19":"tag-redon","20":"tag-rennes","21":"tag-republique-francaise","22":"tag-sert"},"share_on_mastodon":{"url":"https:\/\/pubeurope.com\/@fr\/115847308570611281","error":""},"_links":{"self":[{"href":"https:\/\/www.europesays.com\/fr\/wp-json\/wp\/v2\/posts\/644382","targetHints":{"allow":["GET"]}}],"collection":[{"href":"https:\/\/www.europesays.com\/fr\/wp-json\/wp\/v2\/posts"}],"about":[{"href":"https:\/\/www.europesays.com\/fr\/wp-json\/wp\/v2\/types\/post"}],"author":[{"embeddable":true,"href":"https:\/\/www.europesays.com\/fr\/wp-json\/wp\/v2\/users\/2"}],"replies":[{"embeddable":true,"href":"https:\/\/www.europesays.com\/fr\/wp-json\/wp\/v2\/comments?post=644382"}],"version-history":[{"count":0,"href":"https:\/\/www.europesays.com\/fr\/wp-json\/wp\/v2\/posts\/644382\/revisions"}],"wp:featuredmedia":[{"embeddable":true,"href":"https:\/\/www.europesays.com\/fr\/wp-json\/wp\/v2\/media\/644383"}],"wp:attachment":[{"href":"https:\/\/www.europesays.com\/fr\/wp-json\/wp\/v2\/media?parent=644382"}],"wp:term":[{"taxonomy":"category","embeddable":true,"href":"https:\/\/www.europesays.com\/fr\/wp-json\/wp\/v2\/categories?post=644382"},{"taxonomy":"post_tag","embeddable":true,"href":"https:\/\/www.europesays.com\/fr\/wp-json\/wp\/v2\/tags?post=644382"}],"curies":[{"name":"wp","href":"https:\/\/api.w.org\/{rel}","templated":true}]}}