{"id":644410,"date":"2026-01-06T09:10:11","date_gmt":"2026-01-06T09:10:11","guid":{"rendered":"https:\/\/www.europesays.com\/fr\/644410\/"},"modified":"2026-01-06T09:10:11","modified_gmt":"2026-01-06T09:10:11","slug":"le-lyon-crepes-festival-revient-pour-une-8e-edition-gourmande-et-festive","status":"publish","type":"post","link":"https:\/\/www.europesays.com\/fr\/644410\/","title":{"rendered":"Le Lyon Cr\u00eapes Festival revient pour une 8e \u00e9dition gourmande et festive"},"content":{"rendered":"<p>                            <img loading=\"lazy\" width=\"1200\" height=\"675\" class=\"attachment-article size-article wp-post-image lazyload\" alt=\"chandeleur crepes\" decoding=\"async\" src=\"https:\/\/www.europesays.com\/fr\/wp-content\/uploads\/2026\/01\/pancakes-2020863_1920.jpg\" data-eio-rwidth=\"1200\" data-eio-rheight=\"675\"\/><\/p>\n<p>On d\u00e9guste des cr\u00eapes pour la Chandeleur depuis le Ve si\u00e8cle. \u00a9 Pixabay \u2013 RitaE<\/p>\n<p class=\"content\" style=\"font-size:1.2em;font-weight:700\">\u00c0 l\u2019occasion de la Chandeleur, le Lyon Cr\u00eapes Festival s\u2019installe de nouveau \u00e0 Confluence pour deux jours de f\u00eate autour des cr\u00eapes et galettes, entre traditions bretonnes, cr\u00e9ations culinaires et animations conviviales.<\/p>\n<p>La 8e \u00e9dition du Lyon Cr\u00eapes Festival se tiendra les samedi 31 janvier et dimanche 1er f\u00e9vrier au sein de HEAT, au c\u0153ur du quartier de Confluence. Organis\u00e9 par Madamann et HEAT, l\u2019\u00e9v\u00e9nement entend c\u00e9l\u00e9brer la Chandeleur dans une ambiance festive, populaire et gourmande.<\/p>\n<p>Pendant deux jours, plusieurs comptoirs proposeront cr\u00eapes et galettes de tous horizons : recettes bretonnes embl\u00e9matiques, cr\u00e9ations de chefs lyonnais, cr\u00eapes sucr\u00e9es aux produits artisanaux ou encore sp\u00e9cialit\u00e9s venues d\u2019ailleurs, comme les dosa indiennes. Street food bretonne, kouign-amann et galette-saucisse seront aussi au rendez-vous.<\/p>\n<p>Au-del\u00e0 de l\u2019assiette, le festival mise sur une programmation anim\u00e9e : concours de cuisine, musiques et danses bretonnes fa\u00e7on Fest Diez, tournois de palets, animations pour enfants et friperie maritime. L\u2019acc\u00e8s est libre et gratuit, avec l\u2019ambition de rassembler curieux et \u00e9picuriens autour d\u2019un week-end chaleureux et gourmand.<\/p>\n","protected":false},"excerpt":{"rendered":"On d\u00e9guste des cr\u00eapes pour la Chandeleur depuis le Ve si\u00e8cle. \u00a9 Pixabay \u2013 RitaE \u00c0 l\u2019occasion de&hellip;\n","protected":false},"author":2,"featured_media":644411,"comment_status":"","ping_status":"","sticky":false,"template":"","format":"standard","meta":{"footnotes":""},"categories":[1889],"tags":[1111,11,2430,1777,674,1011,27,2428,12,25],"class_list":{"0":"post-644410","1":"post","2":"type-post","3":"status-publish","4":"format-standard","5":"has-post-thumbnail","7":"category-lyon","8":"tag-actu","9":"tag-actualites","10":"tag-auvergne-rhone-alpes","11":"tag-eu","12":"tag-europe","13":"tag-fr","14":"tag-france","15":"tag-lyon","16":"tag-news","17":"tag-republique-francaise"},"share_on_mastodon":{"url":"https:\/\/pubeurope.com\/@fr\/115847379411845027","error":""},"_links":{"self":[{"href":"https:\/\/www.europesays.com\/fr\/wp-json\/wp\/v2\/posts\/644410","targetHints":{"allow":["GET"]}}],"collection":[{"href":"https:\/\/www.europesays.com\/fr\/wp-json\/wp\/v2\/posts"}],"about":[{"href":"https:\/\/www.europesays.com\/fr\/wp-json\/wp\/v2\/types\/post"}],"author":[{"embeddable":true,"href":"https:\/\/www.europesays.com\/fr\/wp-json\/wp\/v2\/users\/2"}],"replies":[{"embeddable":true,"href":"https:\/\/www.europesays.com\/fr\/wp-json\/wp\/v2\/comments?post=644410"}],"version-history":[{"count":0,"href":"https:\/\/www.europesays.com\/fr\/wp-json\/wp\/v2\/posts\/644410\/revisions"}],"wp:featuredmedia":[{"embeddable":true,"href":"https:\/\/www.europesays.com\/fr\/wp-json\/wp\/v2\/media\/644411"}],"wp:attachment":[{"href":"https:\/\/www.europesays.com\/fr\/wp-json\/wp\/v2\/media?parent=644410"}],"wp:term":[{"taxonomy":"category","embeddable":true,"href":"https:\/\/www.europesays.com\/fr\/wp-json\/wp\/v2\/categories?post=644410"},{"taxonomy":"post_tag","embeddable":true,"href":"https:\/\/www.europesays.com\/fr\/wp-json\/wp\/v2\/tags?post=644410"}],"curies":[{"name":"wp","href":"https:\/\/api.w.org\/{rel}","templated":true}]}}