{"id":644412,"date":"2026-01-06T09:11:13","date_gmt":"2026-01-06T09:11:13","guid":{"rendered":"https:\/\/www.europesays.com\/fr\/644412\/"},"modified":"2026-01-06T09:11:13","modified_gmt":"2026-01-06T09:11:13","slug":"glow-le-nouveau-rendez-vous-bien-etre-a-lyon","status":"publish","type":"post","link":"https:\/\/www.europesays.com\/fr\/644412\/","title":{"rendered":"Glow, le nouveau rendez-vous bien-\u00eatre \u00e0 Lyon"},"content":{"rendered":"<p style=\"text-align: justify;\">Apr\u00e8s une premi\u00e8re soir\u00e9e au mois de novembre autour de la confiance en soi, Glow est de retour pour son <strong>premier chapitre de l\u2019ann\u00e9e 2026\u00a0: \u00ab\u00a0Le retour \u00e0 soi\u00a0\u00bb. <\/strong>Ralentir, le temps d\u2019une soir\u00e9e. C\u2019est l\u2019un des objectifs de Glow, le concept de talk <strong>lanc\u00e9 par Charlotte Breuer<\/strong>, d\u00e9coratrice d\u2019int\u00e9rieur de profession, qui r\u00e9uni <strong>conf\u00e9rences, ateliers et rencontres.<\/strong> Entretien avec la cr\u00e9atrice de ce nouveau rendez-vous bien-\u00eatre \u00e0 Lyon.<\/p>\n<p style=\"text-align: center;\"><img loading=\"lazy\" decoding=\"async\" src=\"https:\/\/www.europesays.com\/fr\/wp-content\/uploads\/2026\/01\/charlotte-23529.png\" alt=\"\" width=\"500\" height=\"748\"\/><\/p>\n<p style=\"text-align: center;\">Charlotte Breuer @majoliefood<\/p>\n<p style=\"text-align: justify;\"><strong>Lyon Femmes\u00a0: <\/strong>\u00c0 qui s\u2019adresse Glow\u00a0?<\/p>\n<p style=\"text-align: justify;\"><strong>Charlotte Breuer :<\/strong> Glow a \u00e9t\u00e9 cr\u00e9\u00e9 pour toutes les femmes qui ont besoin de passer du temps hors foyer, entre femmes. Le but est qu\u2019elles se sentent accompagn\u00e9es et un peu moins seules sur certains sujets. On est toutes un peu confront\u00e9es \u00e0 \u00e7a. L\u2019id\u00e9e, c\u2019est de pr\u00e9senter un th\u00e8me, et de d\u00e9battre sous forme de talk, ateliers et ensuite un cocktail pour pouvoir \u00e9changer et discuter, et s\u2019amuser un peu ! Le talk en d\u00e9but de soir\u00e9e a pour objectif de d\u00e9lier les langues, \u00e7a permet d\u2019aller plus facilement vers les autres personnes.<\/p>\n<p style=\"text-align: center;\"><img loading=\"lazy\" decoding=\"async\" src=\"https:\/\/www.europesays.com\/fr\/wp-content\/uploads\/2026\/01\/img-5434-1-9496.jpeg\" alt=\"\" width=\"500\" height=\"750\"\/><\/p>\n<p style=\"text-align: center;\">Glow &#8211; @manon__bossard<\/p>\n<p style=\"text-align: justify;\"><strong>LF\u00a0: <\/strong>\u00c0 chaque th\u00e9matique, une personne vous accompagne et est invit\u00e9e \u00e0 mener le d\u00e9bat\u00a0?<\/p>\n<p style=\"text-align: justify;\"><strong>CB\u00a0: <\/strong>Oui, une personnalit\u00e9 f\u00e9minine, c\u2019est la ligne directive, plus ou moins coach aussi, et qui va d\u00e9battre d\u2019un sujet fort sur la femme, avec 30 \u00e0 40 personnes. La soir\u00e9e de ce mois de janvier sera anim\u00e9e par\u00a0<a href=\"https:\/\/www.instagram.com\/vanessabct\/\" target=\"_blank\" rel=\"noopener\">Vanessa Bricout<\/a>, coach professionnelle, sophrologue et formatrice. Elle accompagne depuis plus de 20 ans des femmes et des dirigeants dans leurs transitions personnelles et professionnelles, avec une approche globale, humaniste et incarn\u00e9e, reliant le corps, les \u00e9motions et le mental. (<a href=\"https:\/\/www.vbsolution.fr\/\" target=\"_blank\" rel=\"noopener\">+ Infos<\/a>).<\/p>\n<p style=\"text-align: justify;\"><strong>LF\u00a0: <\/strong>Le th\u00e8me de cette prochaine session sera \u00ab\u00a0le retour \u00e0 soi\u00a0\u00bb.\u00a0<\/p>\n<p style=\"text-align: justify;\"><strong>CB\u00a0: <\/strong>Il y a beaucoup de chose dans le retour \u00e0 soi, notamment la charge mentale. Le but est de commencer l\u2019ann\u00e9e du bon pied, et de proposer une th\u00e9matique qui permet de partir sereinement sur 2026. L\u2019id\u00e9e est de donner des outils, pour que les femmes puissent le faire chez elles.<\/p>\n<p style=\"text-align: center;\"><img loading=\"lazy\" decoding=\"async\" src=\"https:\/\/www.europesays.com\/fr\/wp-content\/uploads\/2026\/01\/img-5445-73095.jpeg\" alt=\"\" width=\"500\" height=\"750\"\/><\/p>\n<p style=\"text-align: center;\">Glow, Sunset &#8211; @manon__bossard<\/p>\n<p style=\"text-align: justify;\"><strong>LF\u00a0: <\/strong>Comment va se d\u00e9rouler ce nouveau rendez-vous ?<\/p>\n<p style=\"text-align: justify;\"><strong>CB\u00a0: <\/strong>Ce nouveau chapitre va se vivre en plusieurs temps. Il y aura une soir\u00e9e d\u2019ouverture, con\u00e7ue comme un moment de prise de conscience et d\u2019inspiration puis, quelques jours plus tard, des ateliers sous diff\u00e9rents formats seront propos\u00e9s, ouverts \u00e0 toutes, y compris aux femmes n\u2019ayant pas particip\u00e9 \u00e0 la soir\u00e9e d\u2019ouverture.<\/p>\n<p style=\"text-align: justify;\"><strong>LF\u00a0:<\/strong> Pourquoi cette envie d\u2019int\u00e9grer des ateliers\u00a0?<\/p>\n<p style=\"text-align: justify;\"><strong>CB\u00a0:<\/strong> Les ateliers propos\u00e9s dans le prolongement de la soir\u00e9e permettent d\u2019approfondir le th\u00e8me du \u00ab\u00a0retour \u00e0 soi\u00a0\u00bb dans un cadre plus intime. Ils s\u2019effectuent en petit groupe et offrent un espace de pratique, de r\u00e9flexion et d\u2019\u00e9changes. Le but, c\u2019est de transformer les prises de conscience en ressources concr\u00e8tes du quotidien.<\/p>\n<p style=\"text-align: center;\"><img loading=\"lazy\" decoding=\"async\" src=\"https:\/\/www.europesays.com\/fr\/wp-content\/uploads\/2026\/01\/img-5429-10373.jpeg\" alt=\"\" width=\"500\" height=\"750\"\/><\/p>\n<p style=\"text-align: center;\">Glow &#8211; @manon__bossard<\/p>\n<p style=\"text-align: justify;\"><strong>LF\u00a0:<\/strong> Quel est la suite pour Glow\u00a0?<\/p>\n<p style=\"text-align: justify;\"><strong>CB\u00a0: <\/strong>Glow est propos\u00e9 sous format soir\u00e9e. Le concept va \u00e9voluer. On travaille sur d\u2019autres formats en parall\u00e8le. Le but c\u2019est de faire connaitre Glow \u00e0 travers ces soir\u00e9es-l\u00e0 dans un premier temps, jusqu\u2019\u00e0 cet \u00e9t\u00e9 probablement. Peut-\u00eatre proposer par la suite des abonnements, avec \u00e0 l\u2019int\u00e9rieur un format interactif, toujours dans le but de proposer des tips, des conseils pour am\u00e9liorer le bien-\u00eatre f\u00e9minin.<\/p>\n<p style=\"text-align: justify;\"><strong>Glow, jeudi 22 janvier \u00e0 19h.\u00a0<\/strong><\/p>\n<p style=\"text-align: justify;\"><a href=\"https:\/\/www.instagram.com\/glow_evenements_feminins\/?__d=dist\" target=\"_blank\" rel=\"noopener\">+ Infos. \u00a0<\/a><\/p>\n<p>  \t\t\t\t\t<script async src=\"\/\/www.instagram.com\/embed.js\"><\/script><\/p>\n","protected":false},"excerpt":{"rendered":"Apr\u00e8s une premi\u00e8re soir\u00e9e au mois de novembre autour de la confiance en soi, Glow est de retour&hellip;\n","protected":false},"author":2,"featured_media":644413,"comment_status":"","ping_status":"","sticky":false,"template":"","format":"standard","meta":{"footnotes":""},"categories":[1889],"tags":[1111,11,2813,2190,2430,1109,251,1112,2811,1777,674,118,1294,4651,1011,27,1922,1110,1114,2428,4903,4902,12,241,316,25,2812,517,800],"class_list":{"0":"post-644412","1":"post","2":"type-post","3":"status-publish","4":"format-standard","5":"has-post-thumbnail","7":"category-lyon","8":"tag-actu","9":"tag-actualites","10":"tag-article","11":"tag-asvel","12":"tag-auvergne-rhone-alpes","13":"tag-breves","14":"tag-culture","15":"tag-depeches","16":"tag-economique","17":"tag-eu","18":"tag-europe","19":"tag-faits-divers","20":"tag-femme","21":"tag-femmes","22":"tag-fr","23":"tag-france","24":"tag-info","25":"tag-informations","26":"tag-infos","27":"tag-lyon","28":"tag-lyonfemme","29":"tag-lyonfemmes","30":"tag-news","31":"tag-ol","32":"tag-politique","33":"tag-republique-francaise","34":"tag-sociale","35":"tag-sport","36":"tag-transports"},"share_on_mastodon":{"url":"https:\/\/pubeurope.com\/@fr\/115847383319557644","error":""},"_links":{"self":[{"href":"https:\/\/www.europesays.com\/fr\/wp-json\/wp\/v2\/posts\/644412","targetHints":{"allow":["GET"]}}],"collection":[{"href":"https:\/\/www.europesays.com\/fr\/wp-json\/wp\/v2\/posts"}],"about":[{"href":"https:\/\/www.europesays.com\/fr\/wp-json\/wp\/v2\/types\/post"}],"author":[{"embeddable":true,"href":"https:\/\/www.europesays.com\/fr\/wp-json\/wp\/v2\/users\/2"}],"replies":[{"embeddable":true,"href":"https:\/\/www.europesays.com\/fr\/wp-json\/wp\/v2\/comments?post=644412"}],"version-history":[{"count":0,"href":"https:\/\/www.europesays.com\/fr\/wp-json\/wp\/v2\/posts\/644412\/revisions"}],"wp:featuredmedia":[{"embeddable":true,"href":"https:\/\/www.europesays.com\/fr\/wp-json\/wp\/v2\/media\/644413"}],"wp:attachment":[{"href":"https:\/\/www.europesays.com\/fr\/wp-json\/wp\/v2\/media?parent=644412"}],"wp:term":[{"taxonomy":"category","embeddable":true,"href":"https:\/\/www.europesays.com\/fr\/wp-json\/wp\/v2\/categories?post=644412"},{"taxonomy":"post_tag","embeddable":true,"href":"https:\/\/www.europesays.com\/fr\/wp-json\/wp\/v2\/tags?post=644412"}],"curies":[{"name":"wp","href":"https:\/\/api.w.org\/{rel}","templated":true}]}}