{"id":644418,"date":"2026-01-06T09:15:10","date_gmt":"2026-01-06T09:15:10","guid":{"rendered":"https:\/\/www.europesays.com\/fr\/644418\/"},"modified":"2026-01-06T09:15:10","modified_gmt":"2026-01-06T09:15:10","slug":"neige-plusieurs-lignes-de-bus-retablies-a-paris-trafic-normal-pour-les-rer-et-tramways","status":"publish","type":"post","link":"https:\/\/www.europesays.com\/fr\/644418\/","title":{"rendered":"Neige: plusieurs lignes de bus r\u00e9tablies \u00e0 Paris, trafic normal pour les RER et tramways"},"content":{"rendered":"<p class=\"mb-4 text-lg md:leading-8 break-words\">Une trentaine de lignes du r\u00e9seau de bus de la RATP, interrompu lundi \u00e0 Paris en raison des chutes de neige sur la capitale, ont \u00e9t\u00e9 r\u00e9tablies mardi matin, tandis que des perturbations sur le trafic RER et Transilien persistaient en \u00cele-de-France, ont indiqu\u00e9 la r\u00e9gie et \u00cele-de-France Mobilit\u00e9s.<\/p>\n<p class=\"mb-4 text-lg md:leading-8 break-words\">\u00ab\u00a0Compte tenu de l&rsquo;\u00e9tat de la voirie ce matin et par mesure de pr\u00e9caution, seule une trentaine de lignes de bus sont pour le moment exploit\u00e9es\u00a0\u00bb, explique la RATP dans un point actualis\u00e9 \u00e0 07H00.<\/p>\n<p class=\"mb-4 text-lg md:leading-8 break-words\">\u00ab\u00a0Les autres lignes de bus sortiront au fur et \u00e0 mesure, d\u00e8s que l&rsquo;\u00e9tat de la voirie le permettra\u00a0\u00bb, ajoute la r\u00e9gie.<\/p>\n<p class=\"mb-4 text-lg md:leading-8 break-words\">En revanche, l&rsquo;ensemble des lignes de m\u00e9tro, RER et tramways \u00ab\u00a0fonctionnent normalement\u00a0\u00bb dans la capitale.<\/p>\n<p class=\"mb-4 text-lg md:leading-8 break-words\">La RATP pr\u00e9cise par ailleurs qu'\u00a0\u00bbaucune ligne de Noctilien n&rsquo;a pu circuler cette nuit\u00a0\u00bb.<\/p>\n<p class=\"mb-4 text-lg md:leading-8 break-words\">L&rsquo;information voyageur est actualis\u00e9e sur les comptes X de chaque ligne et un message publi\u00e9 sur le site de la RATP et ses applications.<\/p>\n<p class=\"mb-4 text-lg md:leading-8 break-words\">A Paris et dans les trois d\u00e9partements de petite couronne (Seine-Saint-Denis, Val-de-Marne, Hauts-de-Seine), \u00ab\u00a025% des bus circulent\u00a0\u00bb, selon \u00cele-de-France Mobilit\u00e9s (IDFM).<\/p>\n<p class=\"mb-4 text-lg md:leading-8 break-words\">Ailleurs en \u00cele-de-France, \u00ab\u00a0aucun bus n&rsquo;est sorti\u00a0\u00bb dans les d\u00e9partements de l&rsquo;Essonne, des Yvelines, du Val d&rsquo;Oise et de la Seine-et-Marne.<\/p>\n<p class=\"mb-4 text-lg md:leading-8 break-words\">\u00ab\u00a0La situation sera r\u00e9\u00e9valu\u00e9e toutes les heures pour d\u00e9terminer si les conditions de s\u00e9curit\u00e9 sont r\u00e9unies pour faire circuler les bus\u00a0\u00bb, pr\u00e9cise IDFM.<\/p>\n<p class=\"mb-4 text-lg md:leading-8 break-words\">Les transports scolaires ont \u00e9t\u00e9 annul\u00e9s sur d\u00e9cisions pr\u00e9fectorales.<\/p>\n<p class=\"mb-4 text-lg md:leading-8 break-words\">\u00ab\u00a0Le r\u00e9seau m\u00e9tro, RER train et tram fonctionne correctement avec quelques probl\u00e8mes localis\u00e9s\u00a0\u00bb, ajoute IDFM.<\/p>\n<p class=\"mb-4 text-lg md:leading-8 break-words\">Des perturbations (arr\u00eats non desservis, tron\u00e7ons interrompus, ralentissements) affectent ainsi localement le trafic de toutes les lignes RER et de la grande majorit\u00e9 des Transiliens en grande couronne.<\/p>\n<p class=\"mb-4 text-lg md:leading-8 break-words\">Au total, M\u00e9t\u00e9o-France a maintenu 26 d\u00e9partements situ\u00e9s dans un grand quart nord-ouest en vigilance orange neige-verglas mardi matin, selon la carte actualis\u00e9e \u00e0 06H00.<\/p>\n<p class=\"mb-4 text-lg md:leading-8 break-words\">\u00ab\u00a0Les temp\u00e9ratures sont tr\u00e8s froides, comprises souvent entre -3 et -8\u00b0C, localement en-dessous de -10\u00b0C, justifiant le maintien en vigilance orange sur l&rsquo;ensemble des d\u00e9partements pour regel fort\u00a0\u00bb, justifie le service m\u00e9t\u00e9orologique.<\/p>\n<p class=\"mb-4 text-lg md:leading-8 break-words\">\u00ab\u00a0La fin de la vigilance orange est confirm\u00e9e sur l&rsquo;ensemble des d\u00e9partements \u00e0 10H\u00a0\u00bb, est-il pr\u00e9cis\u00e9.<\/p>\n<p class=\"mb-4 text-lg md:leading-8 break-words\">alh\/uh\/sla<\/p>\n","protected":false},"excerpt":{"rendered":"Une trentaine de lignes du r\u00e9seau de bus de la RATP, interrompu lundi \u00e0 Paris en raison des&hellip;\n","protected":false},"author":2,"featured_media":644419,"comment_status":"","ping_status":"","sticky":false,"template":"","format":"standard","meta":{"footnotes":""},"categories":[1888],"tags":[1111,1928,11,1927,7048,74702,1777,674,1011,27,21594,662,27406,12,1926,626,1925,625,25,12396,27202],"class_list":{"0":"post-644418","1":"post","2":"type-post","3":"status-publish","4":"format-standard","5":"has-post-thumbnail","7":"category-paris","8":"tag-actu","9":"tag-actu-paris","10":"tag-actualites","11":"tag-actualites-paris","12":"tag-bus","13":"tag-conditions-de-securite","14":"tag-eu","15":"tag-europe","16":"tag-fr","17":"tag-france","18":"tag-idfm","19":"tag-ile-de-france","20":"tag-lignes-de-metro","21":"tag-news","22":"tag-news-paris","23":"tag-paris","24":"tag-paris-news","25":"tag-ratp","26":"tag-republique-francaise","27":"tag-rer","28":"tag-vigilance-orange"},"share_on_mastodon":{"url":"https:\/\/pubeurope.com\/@fr\/115847399082248751","error":""},"_links":{"self":[{"href":"https:\/\/www.europesays.com\/fr\/wp-json\/wp\/v2\/posts\/644418","targetHints":{"allow":["GET"]}}],"collection":[{"href":"https:\/\/www.europesays.com\/fr\/wp-json\/wp\/v2\/posts"}],"about":[{"href":"https:\/\/www.europesays.com\/fr\/wp-json\/wp\/v2\/types\/post"}],"author":[{"embeddable":true,"href":"https:\/\/www.europesays.com\/fr\/wp-json\/wp\/v2\/users\/2"}],"replies":[{"embeddable":true,"href":"https:\/\/www.europesays.com\/fr\/wp-json\/wp\/v2\/comments?post=644418"}],"version-history":[{"count":0,"href":"https:\/\/www.europesays.com\/fr\/wp-json\/wp\/v2\/posts\/644418\/revisions"}],"wp:featuredmedia":[{"embeddable":true,"href":"https:\/\/www.europesays.com\/fr\/wp-json\/wp\/v2\/media\/644419"}],"wp:attachment":[{"href":"https:\/\/www.europesays.com\/fr\/wp-json\/wp\/v2\/media?parent=644418"}],"wp:term":[{"taxonomy":"category","embeddable":true,"href":"https:\/\/www.europesays.com\/fr\/wp-json\/wp\/v2\/categories?post=644418"},{"taxonomy":"post_tag","embeddable":true,"href":"https:\/\/www.europesays.com\/fr\/wp-json\/wp\/v2\/tags?post=644418"}],"curies":[{"name":"wp","href":"https:\/\/api.w.org\/{rel}","templated":true}]}}