{"id":644426,"date":"2026-01-06T09:19:10","date_gmt":"2026-01-06T09:19:10","guid":{"rendered":"https:\/\/www.europesays.com\/fr\/644426\/"},"modified":"2026-01-06T09:19:10","modified_gmt":"2026-01-06T09:19:10","slug":"europeens-et-americains-a-paris-pour-afficher-leur-convergence-sur-les-garanties-de-securite-2","status":"publish","type":"post","link":"https:\/\/www.europesays.com\/fr\/644426\/","title":{"rendered":"Europ\u00e9ens et Am\u00e9ricains \u00e0 Paris pour afficher leur \u00abconvergence\u00bb sur les garanties de s\u00e9curit\u00e9"},"content":{"rendered":"<p>Les pays europ\u00e9ens alli\u00e9s de l\u2019Ukraine et des \u00e9missaires am\u00e9ricains se retrouvent mardi \u00e0 Paris pour un sommet visant \u00e0 afficher leur \u00abconvergence\u00bb sur les garanties de s\u00e9curit\u00e9 \u00e0 fournir \u00e0 Kiev et pr\u00e9ciser les contours d\u2019une \u00abforce multinationale\u00bb en cas d\u2019accord de cessez-le-feu avec Moscou.<\/p>\n<p>L\u2019entourage du pr\u00e9sident fran\u00e7ais Emmanuel Macron pr\u00e9sente cette nouvelle r\u00e9union de la \u00abCoalition des volontaires\u00bb comme l\u2019aboutissement des efforts engag\u00e9s il y a environ un an, apr\u00e8s l\u2019arriv\u00e9e de Donald Trump \u00e0 la Maison Blanche, pour \u00e9viter que les Etats-Unis ne \u00abl\u00e2chent l\u2019Ukraine\u00bb.<\/p>\n<p>\u00abNous avons r\u00e9ussi cet exercice de reconvergence entre l\u2019Ukraine, l\u2019Europe et l\u2019Am\u00e9rique\u00bb, a dit lundi \u00e0 la presse un de ses conseillers.<\/p>\n<p>Les Europ\u00e9ens ont ostensiblement choisi de ne pas condamner fermement le coup de force du pr\u00e9sident am\u00e9ricain au Venezuela, soucieux de le m\u00e9nager au moment o\u00f9 les tractations politiques se sont \u00e0 nouveau intensifi\u00e9es depuis novembre, sous l\u2019impulsion de Washington, en vue d\u2019un accord avec la Russie pour mettre fin \u00e0 pr\u00e8s de quatre ans de guerre.<\/p>\n<p>Emmanuel Macron, qui s\u2019est entretenu avec le Premier ministre canadien Mark Carney au petit d\u00e9jeuner dans un palais pr\u00e9sidentiel de l\u2019\u00c9lys\u00e9e enneig\u00e9, d\u00e9jeunera ensuite avec son homologue ukrainien Volodymyr Zelensky et l\u2019\u00e9missaire am\u00e9ricain Steve Witkoff et Jared Kushner, le gendre de Donald Trump.<\/p>\n<p>Dans la foul\u00e9e, le sommet r\u00e9unira 35 pays, dont 27 repr\u00e9sent\u00e9s par des chefs d\u2019\u00c9tat ou de gouvernement, ainsi que les dirigeants de l\u2019OTAN et de l\u2019Union europ\u00e9enne.<\/p>\n<p>Une conf\u00e9rence de presse des pr\u00e9sidents Macron et Zelensky, du Premier ministre britannique Keir Starmer et du chancelier allemand Friedrich Merz est pr\u00e9vue en fin de journ\u00e9e.<\/p>\n<p>Les \u00c9tats-Unis ne sont pas membres de cette coalition cr\u00e9\u00e9e en mars par la France et le Royaume-Uni pour apporter des \u00abgaranties de s\u00e9curit\u00e9\u00bb \u00e0 l\u2019Ukraine dans le cadre d\u2019un \u00e9ventuel cessez-le-feu. Mais leur soutien \u00e0 Kiev reste crucial, y compris pour convaincre les autres alli\u00e9s de s\u2019engager.<\/p>\n<p>C\u2019est sur ce point que porte la \u00abconvergence\u00bb vant\u00e9e par Paris.<\/p>\n<p><strong>\u00abSecret militaire\u00bb\u00a0<\/strong><\/p>\n<p>\u00c0 Berlin mi-d\u00e9cembre, plusieurs pays europ\u00e9ens avaient formalis\u00e9 leur proposition d\u2019une \u00abforce multinationale pour l\u2019Ukraine\u00bb soutenue par Washington, qui avait dit de son c\u00f4t\u00e9 offrir des garanties de s\u00e9curit\u00e9 \u00abtr\u00e8s fortes\u00bb.<\/p>\n<p>Mardi, les dirigeants prendront \u00abdes engagements concrets\u00bb, a promis Emmanuel Macron.<\/p>\n<p>Ils doivent d\u00e9finir leur vision commune des \u00abmodalit\u00e9s d\u2019un cessez-le-feu\u00bb entre l\u2019Ukraine et la Russie, sur la mani\u00e8re dont il pourra \u00eatre \u00abv\u00e9rifi\u00e9\u00bb par drone ou satellite plut\u00f4t que par un d\u00e9ploiement militaire terrestre, mais aussi sur leur riposte en cas de violation, a expliqu\u00e9 la pr\u00e9sidence fran\u00e7aise.<\/p>\n<p>Autre point \u00e0 l\u2019ordre du jour, selon la m\u00eame source : les \u00abmodalit\u00e9s op\u00e9rationnelles\u00bb du \u00abd\u00e9ploiement d\u2019une force multinationale\u00bb pour \u00abr\u00e9assurer l\u2019Ukraine dans les airs, sur la mer et \u00e0 terre\u00bb face au risque d\u2019une nouvelle attaque russe apr\u00e8s un \u00e9ventuel accord de paix.<\/p>\n<p>Si les dirigeants pouvaient acter les contributions des diff\u00e9rents pays de la coalition \u00e0 cette mission militaire, ils n\u2019en d\u00e9voileront que \u00abce que le secret militaire permet de dire\u00bb, a pr\u00e9venu le conseiller d\u2019Emmanuel Macron. Il ne faut donc pas s\u2019attendre \u00e0 conna\u00eetre les effectifs de cette force ou les contributions des \u00c9tats pr\u00eats \u00e0 y participer, comme la France et le Royaume-Uni.<\/p>\n<p>C\u00f4t\u00e9 fran\u00e7ais, le chef de l\u2019\u00c9tat pourrait en dire davantage jeudi lorsqu\u2019il recevra la classe politique pour faire le point.<\/p>\n<p>La convergence semble moins compl\u00e8te s\u2019agissant des n\u00e9gociations de paix men\u00e9es par les \u00c9tats-Unis parall\u00e8lement, avec l\u2019Ukraine et la Russie.<\/p>\n<p>Une rencontre entre Volodymyr Zelensky et Donald Trump fin d\u00e9cembre et des appels entre le pr\u00e9sident am\u00e9ricain et son homologue russe Vladimir Poutine n\u2019ont pas permis d\u2019avancer sur le principal n\u0153ud, les concessions territoriales exig\u00e9es par Moscou.<\/p>\n<p>Depuis, les tractations se sont poursuivies au niveau des n\u00e9gociateurs. Et le sujet sera \u00e0 nouveau \u00e9voqu\u00e9 \u00e0 Paris.<\/p>\n<p>Le Kremlin a fait conna\u00eetre son intention de \u00abdurcir\u00bb sa position apr\u00e8s avoir accus\u00e9 l\u2019Ukraine d\u2019avoir voulu viser avec des drones une r\u00e9sidence de Vladimir Poutine, ce que Kiev d\u00e9ment.<\/p>\n<p>Le chef de l\u2019\u00c9tat russe a r\u00e9p\u00e9t\u00e9 ces derni\u00e8res semaines que la Russie atteindrait ses objectifs en Ukraine par la voie des n\u00e9gociations ou par celle des armes.<\/p>\n<p>Des frappes russes ont touch\u00e9 lundi une clinique \u00e0 Kiev, tuant deux personnes. Sur le terrain, Moscou a poursuivi sa progression, revendiquant la prise de la localit\u00e9 de Grabovsk\u00e9, dans le nord-est de l\u2019Ukraine.<\/p>\n<p>\u00a0<\/p>\n<p>Avec AFP<\/p>\n","protected":false},"excerpt":{"rendered":"Les pays europ\u00e9ens alli\u00e9s de l\u2019Ukraine et des \u00e9missaires am\u00e9ricains se retrouvent mardi \u00e0 Paris pour un sommet&hellip;\n","protected":false},"author":2,"featured_media":644427,"comment_status":"","ping_status":"","sticky":false,"template":"","format":"standard","meta":{"footnotes":""},"categories":[1590],"tags":[11,1777,674,12,220],"class_list":{"0":"post-644426","1":"post","2":"type-post","3":"status-publish","4":"format-standard","5":"has-post-thumbnail","7":"category-ukraine","8":"tag-actualites","9":"tag-eu","10":"tag-europe","11":"tag-news","12":"tag-ukraine"},"share_on_mastodon":{"url":"https:\/\/pubeurope.com\/@fr\/115847414826993559","error":""},"_links":{"self":[{"href":"https:\/\/www.europesays.com\/fr\/wp-json\/wp\/v2\/posts\/644426","targetHints":{"allow":["GET"]}}],"collection":[{"href":"https:\/\/www.europesays.com\/fr\/wp-json\/wp\/v2\/posts"}],"about":[{"href":"https:\/\/www.europesays.com\/fr\/wp-json\/wp\/v2\/types\/post"}],"author":[{"embeddable":true,"href":"https:\/\/www.europesays.com\/fr\/wp-json\/wp\/v2\/users\/2"}],"replies":[{"embeddable":true,"href":"https:\/\/www.europesays.com\/fr\/wp-json\/wp\/v2\/comments?post=644426"}],"version-history":[{"count":0,"href":"https:\/\/www.europesays.com\/fr\/wp-json\/wp\/v2\/posts\/644426\/revisions"}],"wp:featuredmedia":[{"embeddable":true,"href":"https:\/\/www.europesays.com\/fr\/wp-json\/wp\/v2\/media\/644427"}],"wp:attachment":[{"href":"https:\/\/www.europesays.com\/fr\/wp-json\/wp\/v2\/media?parent=644426"}],"wp:term":[{"taxonomy":"category","embeddable":true,"href":"https:\/\/www.europesays.com\/fr\/wp-json\/wp\/v2\/categories?post=644426"},{"taxonomy":"post_tag","embeddable":true,"href":"https:\/\/www.europesays.com\/fr\/wp-json\/wp\/v2\/tags?post=644426"}],"curies":[{"name":"wp","href":"https:\/\/api.w.org\/{rel}","templated":true}]}}