{"id":644453,"date":"2026-01-06T09:38:13","date_gmt":"2026-01-06T09:38:13","guid":{"rendered":"https:\/\/www.europesays.com\/fr\/644453\/"},"modified":"2026-01-06T09:38:13","modified_gmt":"2026-01-06T09:38:13","slug":"lorient-est-mon-terrain-de-jeu-david-mallegol-photographie-et-magnifie-en-affiches-la-ville-portuaire","status":"publish","type":"post","link":"https:\/\/www.europesays.com\/fr\/644453\/","title":{"rendered":"\u00ab\u00a0Lorient est mon terrain de jeu\u00a0\u00bb\u00a0: David Mall\u00e9gol photographie et magnifie en affiches la ville portuaire"},"content":{"rendered":"<p>Ses affiches habillent les murs de bistrots, de lieux culturels et de particuliers. On y voit Lorient dans ses habits industriels\u00a0: les grues du port de commerce, la Base, les bateaux, les rues et b\u00e2timents construits apr\u00e8s guerre, pass\u00e9s sous un filtre vintage bleu et orang\u00e9. La ville est belle derri\u00e8re l\u2019\u0153il de David Mall\u00e9gol. \u00ab\u00a0Lorient est mon terrain de jeu\u00a0\u00bb, confie celui fait des dizaines et des dizaines de kilom\u00e8tres \u00e0 pied dans la rade, chaque ann\u00e9e.<\/p>\n<blockquote class=\"instagram-media\" data-instgrm-captioned=\"\" data-instgrm-permalink=\"https:\/\/www.instagram.com\/p\/DQRKOtmjCZQ\/?utm_source=ig_embed&amp;utm_campaign=loading\" data-instgrm-version=\"14\" style=\" background:#FFF; border:0; border-radius:3px; box-shadow:0 0 1px 0 rgba(0,0,0,0.5),0 1px 10px 0 rgba(0,0,0,0.15); margin: 1px; max-width:540px; min-width:326px; padding:0; width:99.375%; width:-webkit-calc(100% - 2px); width:calc(100% - 2px);\"\/>\n<p>Ce quinquag\u00e9naire n\u2019a pas le m\u00e9tier de photographe en bandouli\u00e8re. \u00c9ducateur dans un foyer de vie pour handicap\u00e9s la nuit, \u00e0 Lanester, il sort le jour, smartphone \u00e0 la main, plut\u00f4t le matin, quand les enfants sont \u00e0 l\u2019\u00e9cole. \u00ab\u00a0Tout a commenc\u00e9 il y a quatre ans, raconte-t-il. Ma conjointe m\u2019a incit\u00e9 \u00e0 me bouger, faire du sport. Je n\u2019avais aucune envie d\u2019aller transpirer dans une salle. Marcher ou courir, pourquoi pas. Mais il me fallait un but\u00a0\u00bb. David Mall\u00e9gol se met \u00e0 marcher entre le P\u00e9ristyle et le port de Kern\u00e9vel. Il ram\u00e8ne des images faites au t\u00e9l\u00e9phone. Il les poste sur les <a href=\"https:\/\/www.facebook.com\/david.mallegol.3\" target=\"_blank\" rel=\"noopener\">r\u00e9seaux sociaux<\/a>. Les pouces point\u00e9s vers le haut de ses amis et connaissances l\u2019encouragent \u00e0 continuer.<\/p>\n<p>L\u2019art de la patience<\/p>\n<p>\u00ab\u00a0J\u2019aime l\u2019univers urbain, le bitume, la rue. Les ports de Lorient et la Base, avec ce style brut et ces lignes droites, sont de formidables lieux pour saisir des ombres, des instants, le d\u00e9tail sur lequel l\u2019\u0153il va s\u2019arr\u00eater. J\u2019aime aussi m\u2019amuser avec les reflets dans les flaques\u00a0\u00bb.<\/p>\n<p>David Mall\u00e9gol ne se serait jamais lanc\u00e9 avec un appareil photo. \u00ab\u00a0Le smartphone, c\u2019est simple, il n\u2019y a pas de manuel \u00e0 \u00e9tudier pour faire de la photo avec. Cela a permis \u00e0 des milliers de gens de s\u2019y mettre, comme moi.\u00a0\u00bb Son outil\u00a0: un appareil Google Pixel 9, toujours dans sa poche. Mais avant de saisir l\u2019image qui retiendra notre attention, le Lorientais attend parfois longtemps, retourne des dizaines de fois sur le m\u00eame lieu. \u00ab\u00a0Je suis comme un requin qui revient 20 fois au m\u00eame endroit pour saisir sa proie\u00a0\u00bb, sourit-il. Il retouche rarement ses prises de vues.<\/p>\n<p><img decoding=\"async\" src=\"https:\/\/www.europesays.com\/fr\/wp-content\/uploads\/2026\/01\/695bd4a98582a9e1780cbeae.1.jpeg\" width=\"480\" height=\"300\" class=\"web_golden_m\" loading=\"lazy\" alt=\"Cette image prise cet automne avec une feuille morte avait \u00e9t\u00e9 propos\u00e9e par David Mall\u00e9gol en photo du jour aux lecteurs du T\u00e9l\u00e9gramme.\"\/>Cette image prise cet automne avec une feuille morte avait \u00e9t\u00e9 propos\u00e9e par David Mall\u00e9gol en photo du jour aux lecteurs du T\u00e9l\u00e9gramme. (David Mall\u00e9gol)De l\u2019\u00e9motion et des souvenirs<\/p>\n<p>Au mois de d\u00e9cembre, l\u2019\u00e9ducateur n\u2019a pas beaucoup fait de sorties photo. Il a re\u00e7u des dizaines de demandes d\u2019affiches que beaucoup ont gliss\u00e9 sous le sapin comme cadeau de No\u00ebl. Toutes ont \u00e9t\u00e9 honor\u00e9es en temps et en heure. \u00ab\u00a0Des amateurs de mes affiches me disent que mes photos sont \u00ab\u00a0le vrai Lorient\u00a0\u00bb, celui qu\u2019ils ont connu quand ils \u00e9taient enfants ou qu\u2019on leur a racont\u00e9. Faire de la photo, c\u2019est aussi faire des rencontres. Les n\u00e9o ou anciens Lorientais partagent leurs \u00e9motions en voyant mon travail, ils me racontent pourquoi ils aiment tel ou tel endroit, m\u2019en sugg\u00e8rent d\u2019autres\u00a0\u00bb.<\/p>\n<blockquote><p>\u00ab\u00a0Je suis comme un requin qui revient 20 fois au m\u00eame endroit pour saisir sa proie\u00a0\u00bb<\/p><\/blockquote>\n<p>Les six prochains mois de David Mall\u00e9gol seront bien occup\u00e9s, entre expositions et nouvelles commandes. \u00ab\u00a0Certains commencent \u00e0 me demander pourquoi je ne propose pas des affiches de Larmor-Plage ou Lanester. Je fais de la photo pour le plaisir, pas pour gagner ma vie. J\u2019ai un boulot, une famille. Et si je me sens aussi libre et bien pour faire de la photo, c\u2019est parce que j\u2019ai cet \u00e9quilibre.\u00a0\u00bb<\/p>\n<p class=\"note\">Les affiches de David Mall\u00e9gol sont en vente au Quartier Iod\u00e9, 7 rue de la Patrie, \u00e0 Lorient. Il est possible de contacter le photographe via la messagerie de ses r\u00e9seaux sociaux. Tarifs\u00a0: 30 \u20ac l\u2019affiche 30&#215;40 cm, 50 \u20ac celle de 50&#215;70 cm.<\/p>\n<p><script async src=\"\/\/www.instagram.com\/embed.js\"><\/script><\/p>\n","protected":false},"excerpt":{"rendered":"Ses affiches habillent les murs de bistrots, de lieux culturels et de particuliers. On y voit Lorient dans&hellip;\n","protected":false},"author":2,"featured_media":644454,"comment_status":"","ping_status":"","sticky":false,"template":"","format":"standard","meta":{"footnotes":""},"categories":[1358],"tags":[1348,1384,1385,829,872,1386,58,59,1011,27,1781,3729,1756,602],"class_list":{"0":"post-644453","1":"post","2":"type-post","3":"status-publish","4":"format-standard","5":"has-post-thumbnail","7":"category-arts-et-design","8":"tag-arts","9":"tag-arts-and-design","10":"tag-arts-et-design","11":"tag-bretagne","12":"tag-culture-et-loisirs","13":"tag-design","14":"tag-divertissement","15":"tag-entertainment","16":"tag-fr","17":"tag-france","18":"tag-lorient","19":"tag-morbihan","20":"tag-photographie","21":"tag-tourisme"},"share_on_mastodon":{"url":"https:\/\/pubeurope.com\/@fr\/115847489318391818","error":""},"_links":{"self":[{"href":"https:\/\/www.europesays.com\/fr\/wp-json\/wp\/v2\/posts\/644453","targetHints":{"allow":["GET"]}}],"collection":[{"href":"https:\/\/www.europesays.com\/fr\/wp-json\/wp\/v2\/posts"}],"about":[{"href":"https:\/\/www.europesays.com\/fr\/wp-json\/wp\/v2\/types\/post"}],"author":[{"embeddable":true,"href":"https:\/\/www.europesays.com\/fr\/wp-json\/wp\/v2\/users\/2"}],"replies":[{"embeddable":true,"href":"https:\/\/www.europesays.com\/fr\/wp-json\/wp\/v2\/comments?post=644453"}],"version-history":[{"count":0,"href":"https:\/\/www.europesays.com\/fr\/wp-json\/wp\/v2\/posts\/644453\/revisions"}],"wp:featuredmedia":[{"embeddable":true,"href":"https:\/\/www.europesays.com\/fr\/wp-json\/wp\/v2\/media\/644454"}],"wp:attachment":[{"href":"https:\/\/www.europesays.com\/fr\/wp-json\/wp\/v2\/media?parent=644453"}],"wp:term":[{"taxonomy":"category","embeddable":true,"href":"https:\/\/www.europesays.com\/fr\/wp-json\/wp\/v2\/categories?post=644453"},{"taxonomy":"post_tag","embeddable":true,"href":"https:\/\/www.europesays.com\/fr\/wp-json\/wp\/v2\/tags?post=644453"}],"curies":[{"name":"wp","href":"https:\/\/api.w.org\/{rel}","templated":true}]}}