{"id":644457,"date":"2026-01-06T09:41:11","date_gmt":"2026-01-06T09:41:11","guid":{"rendered":"https:\/\/www.europesays.com\/fr\/644457\/"},"modified":"2026-01-06T09:41:11","modified_gmt":"2026-01-06T09:41:11","slug":"les-infos-avalines-du-6-janvier-2026","status":"publish","type":"post","link":"https:\/\/www.europesays.com\/fr\/644457\/","title":{"rendered":"Les infos avalines du 6 janvier 2026"},"content":{"rendered":"<p>Les sapeurs-pompiers et le m\u00e9decin de garde sont intervenus hier soir dans un h\u00f4tel de la Place de l&rsquo;Office de Tourisme. Aux alentours de 18h, un jeune homme d&rsquo;une trentaine d&rsquo;ann\u00e9es a souffert d&rsquo;un probl\u00e8me cardiaque. Les secours sont rapidement intervenus sur place. La victime a \u00e9t\u00e9 immobilis\u00e9e en barquette et stabilis\u00e9e pendant quelques minutes dans le hall de l&rsquo;Office de Tourisme avant d&rsquo;\u00eatre embarqu\u00e9e dans le camion des sapeurs-pompiers. Il a \u00e9t\u00e9 transmis en urgence \u00e0 l&rsquo;h\u00f4pital de Bourg-Saint-Maurice.\u00a0<\/p>\n<p>Le premier conseil municipal de l&rsquo;ann\u00e9e s&rsquo;est tenu hier matin dans la salle du Conseil \u00e0 la Maison Marcel Charvin en pr\u00e9sence de 17 \u00e9lus (notre photo). Avant le d\u00e9but de la s\u00e9ance, les \u00e9lus ont adress\u00e9 une minute de silence pour Colette Boson ainsi que pour toutes les victimes d\u00e9c\u00e9d\u00e9es dans l\u2019incendie d\u2019un bar \u00e0 Crans-Montana en Suisse lors du Nouvel An. Ils ont ensuite vot\u00e9 l\u2019approbation du proc\u00e8s-verbal du conseil municipal du 8 d\u00e9cembre avant que le maire \u00e9nonce les 17 d\u00e9cisions prises. Dans l&rsquo;ordre du jour, 22 points ont \u00e9t\u00e9 \u00e9voqu\u00e9s. Les dates de la saison d&rsquo;\u00e9t\u00e9 2026 ont \u00e9t\u00e9 valid\u00e9es : l&rsquo;ouverture se fera du 4 juillet au 30 ao\u00fbt. De nombreux questionnements ont eu lieu au sujet de la fixation de l&rsquo;indemnit\u00e9 du droit de surplomb concernant l&rsquo;occupation du domaine public et priv\u00e9 de la commune. Pour ce d\u00e9but d&rsquo;ann\u00e9e, le budget primitif du budget principal Ville 2026 a \u00e9t\u00e9 vot\u00e9 avec trois voix contre cette d\u00e9lib\u00e9ration. Un autre vote contre et deux abstentions ont \u00e9t\u00e9 comptabilis\u00e9s pour l&rsquo;autorisation de d\u00e9p\u00f4t du permis de construire du b\u00e2timent du Face \u00e0 Face et l&rsquo;autorisation de r\u00e9alisation des travaux sur les parcelles communales.\u00a0 Enfin, deux abstentions ont \u00e9t\u00e9 retenues pour la subvention d&rsquo;\u00e9quilibre 2025 du budget annexe d\u2019\u00e9quipements culturel et sportif. Apr\u00e8s l&rsquo;\u00e9puisement de l&rsquo;ordre du jour, plusieurs sujets ont \u00e9t\u00e9 \u00e9voqu\u00e9s et ont cr\u00e9\u00e9 plusieurs d\u00e9bats dont la trag\u00e9die de Crans-Montana en Suisse qui a questionn\u00e9 certains \u00e9lus sur la diff\u00e9rence de la r\u00e9glementation et de la s\u00e9curit\u00e9 entre les discoth\u00e8ques et les bars et restaurants \u00e0 ambiance festive, mais aussi sur les derni\u00e8res informations concernant la place de Val d&rsquo;Is\u00e8re pour les Jeux Olympiques d&rsquo;Hiver des Alpes Fran\u00e7aises 2030. L&rsquo;ensemble du <a href=\"https:\/\/www.radiovaldisere.com\/fiche-publication\/compte-rendu-du-conseil-municipal-du-5-janvier-2026\" target=\"_blank\" rel=\"noopener\">compte-rendu<\/a> est \u00e0 retrouver en int\u00e9gralit\u00e9 sur notre site internet. Le prochain conseil municipal se tiendra le lundi 2 f\u00e9vrier, \u00e0 8h30, dans la salle du Conseil \u00e0 la Maison Marcel Charvin.\u00a0\u00a0<\/p>\n<p>En ce d\u00e9but d&rsquo;ann\u00e9e, le maire invite les avalins pour sa traditionnelle c\u00e9r\u00e9monie des v\u0153ux. Elle se tiendra ce soir \u00e0 19h dans la salle du Conseil \u00e0 la Maison Marcel Charvin.\u00a0<\/p>\n<p>La permanence d\u2019urbanisme de la commune sera exceptionnellement annul\u00e9e aujourd&rsquo;hui de 9h \u00e0 12h. Le service s&rsquo;excuse pour la g\u00eane occasionn\u00e9e.\u00a0<\/p>\n<p>L&rsquo;Arm\u00e9e britannique est en ce moment m\u00eame \u00e0 Val d&rsquo;Is\u00e8re pour r\u00e9aliser sa traditionnelle comp\u00e9tition de ski. Pendant une semaine, 250 militaires de l&rsquo;infanterie britannique, dont certains d\u00e9couvriront le ski alpin pour la premi\u00e8re fois, participeront \u00e0 diff\u00e9rentes \u00e9preuves sur la piste OK et La Raye \u00e0 la Daille. Ils ont d\u00e9j\u00e0 effectu\u00e9 le Slalom G\u00e9ant ainsi que le Super-G. Ils prendront le d\u00e9part ce matin pour la descente sur la OK. Demain, place au slalom sur la piste de La Raye avant de s&rsquo;attaquer jeudi au super combin\u00e9. Un v\u00e9ritable challenge qui permet aux soldats d&rsquo;apprendre des valeurs n\u00e9cessaires dans le cadre de leurs missions. Fid\u00e8le \u00e0 Val d&rsquo;Is\u00e8re depuis 1986, l&rsquo;arm\u00e9e britannique f\u00eate son 40e anniversaire.\u00a0<\/p>\n","protected":false},"excerpt":{"rendered":"Les sapeurs-pompiers et le m\u00e9decin de garde sont intervenus hier soir dans un h\u00f4tel de la Place de&hellip;\n","protected":false},"author":2,"featured_media":579565,"comment_status":"","ping_status":"","sticky":false,"template":"","format":"standard","meta":{"footnotes":""},"categories":[1355],"tags":[58,59,1011,27,1361,873],"class_list":{"0":"post-644457","1":"post","2":"type-post","3":"status-publish","4":"format-standard","5":"has-post-thumbnail","7":"category-musique","8":"tag-divertissement","9":"tag-entertainment","10":"tag-fr","11":"tag-france","12":"tag-music","13":"tag-musique"},"share_on_mastodon":{"url":"https:\/\/pubeurope.com\/@fr\/115847501160254552","error":""},"_links":{"self":[{"href":"https:\/\/www.europesays.com\/fr\/wp-json\/wp\/v2\/posts\/644457","targetHints":{"allow":["GET"]}}],"collection":[{"href":"https:\/\/www.europesays.com\/fr\/wp-json\/wp\/v2\/posts"}],"about":[{"href":"https:\/\/www.europesays.com\/fr\/wp-json\/wp\/v2\/types\/post"}],"author":[{"embeddable":true,"href":"https:\/\/www.europesays.com\/fr\/wp-json\/wp\/v2\/users\/2"}],"replies":[{"embeddable":true,"href":"https:\/\/www.europesays.com\/fr\/wp-json\/wp\/v2\/comments?post=644457"}],"version-history":[{"count":0,"href":"https:\/\/www.europesays.com\/fr\/wp-json\/wp\/v2\/posts\/644457\/revisions"}],"wp:featuredmedia":[{"embeddable":true,"href":"https:\/\/www.europesays.com\/fr\/wp-json\/wp\/v2\/media\/579565"}],"wp:attachment":[{"href":"https:\/\/www.europesays.com\/fr\/wp-json\/wp\/v2\/media?parent=644457"}],"wp:term":[{"taxonomy":"category","embeddable":true,"href":"https:\/\/www.europesays.com\/fr\/wp-json\/wp\/v2\/categories?post=644457"},{"taxonomy":"post_tag","embeddable":true,"href":"https:\/\/www.europesays.com\/fr\/wp-json\/wp\/v2\/tags?post=644457"}],"curies":[{"name":"wp","href":"https:\/\/api.w.org\/{rel}","templated":true}]}}