{"id":644460,"date":"2026-01-06T09:43:09","date_gmt":"2026-01-06T09:43:09","guid":{"rendered":"https:\/\/www.europesays.com\/fr\/644460\/"},"modified":"2026-01-06T09:43:09","modified_gmt":"2026-01-06T09:43:09","slug":"voici-lage-precis-ou-le-corps-commence-vraiment-a-vieillir","status":"publish","type":"post","link":"https:\/\/www.europesays.com\/fr\/644460\/","title":{"rendered":"voici l\u2019\u00e2ge pr\u00e9cis o\u00f9 le corps commence vraiment \u00e0 vieillir"},"content":{"rendered":"<p>\u00c0 quel \u00e2ge commence-t-on<br \/>\nvraiment \u00e0 vieillir ?<\/p>\n<p data-start=\"510\" data-end=\"821\">Pendant longtemps, la<br \/>\n<strong><a href=\"https:\/\/www.modesettravaux.fr\/beaute-bien-etre\/sante-beaute-bien-etre\/selon-la-science-cest-cet-alcool-qui-vous-donne-la-pire-gueule-de-bois-et-vous-en-avez-surement-a-la-maison-163445.html\" target=\"_blank\" rel=\"noopener\"><br \/>\nscience<\/a><\/strong> a eu du mal \u00e0 r\u00e9pondre clairement. Le<br \/>\nvieillissement n\u2019est pas une ligne droite : il progresse par<br \/>\n\u00e0-coups, diff\u00e9remment selon les individus. Pour y voir plus clair,<br \/>\nune \u00e9quipe de l\u2019Stanford<br \/>\nUniversity a suivi des adultes \u00e2g\u00e9s de 25 \u00e0 75 ans sur<br \/>\nplusieurs ann\u00e9es.<\/p>\n<p data-start=\"823\" data-end=\"1303\">\u00c0 intervalles r\u00e9guliers, les<br \/>\nchercheurs ont analys\u00e9 le sang, la peau, la salive, les muqueuses<br \/>\nnasales et m\u00eame le microbiote intestinal. Objectif : observer<br \/>\nl\u2019\u00e9volution de milliers de mol\u00e9cules et de micro-organismes<br \/>\nimpliqu\u00e9s dans l\u2019immunit\u00e9, la sant\u00e9 cardiovasculaire, la fonction<br \/>\nr\u00e9nale, la peau ou encore les muscles. Un travail de longue<br \/>\nhaleine, appuy\u00e9 par des m\u00e9thodes de biologie mol\u00e9culaire de pointe,<br \/>\nqui a permis de rep\u00e9rer des ruptures nettes plut\u00f4t qu\u2019un lent<br \/>\nd\u00e9clin.<\/p>\n<p>Quels sont les deux \u00e2ges o\u00f9<br \/>\nl\u2019on prend un \u00ab coup de vieux \u00bb ?<\/p>\n<p data-start=\"1371\" data-end=\"1538\">Les r\u00e9sultats sont frappants :<br \/>\nle <strong><a href=\"https:\/\/www.modesettravaux.fr\/beaute-bien-etre\/sante-beaute-bien-etre\/tout-le-monde-devrait-le-faire-tous-les-jours-ce-mouvement-conseille-par-un-prof-de-pilates-ralentirait-le-vieillissement-161406.html\" target=\"_blank\" rel=\"noopener\"><br \/>\nvieillissement<\/a><\/strong> biologique conna\u00eet deux acc\u00e9l\u00e9rations<br \/>\nmajeures. La premi\u00e8re survient autour de <strong data-start=\"1499\" data-end=\"1509\">44 ans<\/strong>, la seconde vers<br \/>\n<strong data-start=\"1527\" data-end=\"1537\">60 ans<\/strong>.<\/p>\n<p data-start=\"1540\" data-end=\"1981\">\u00c0 partir de 44 ans, ce sont<br \/>\nsurtout les m\u00e9canismes du m\u00e9tabolisme qui changent. Le corps g\u00e8re<br \/>\nmoins bien la caf\u00e9ine, l\u2019alcool et les graisses. Beaucoup<br \/>\nreconna\u00eetront ces signes tr\u00e8s concrets : digestion plus<br \/>\ncapricieuse, cholest\u00e9rol qui grimpe, kilos qui s\u2019installent sans<br \/>\npr\u00e9venir. C\u2019est aussi \u00e0 cet \u00e2ge que la peau commence \u00e0 se<br \/>\ntransformer plus rapidement, avec des modifications du tissu<br \/>\nconjonctif qui favorisent l\u2019apparition des rides.<\/p>\n<p data-start=\"1983\" data-end=\"2410\">Le second palier, autour de 60<br \/>\nans, touche des fonctions plus profondes. Le syst\u00e8me immunitaire<br \/>\ndevient moins performant, la fonction r\u00e9nale d\u00e9cline<br \/>\nprogressivement et le m\u00e9tabolisme des sucres ralentit. Cela aide \u00e0<br \/>\ncomprendre pourquoi les risques d\u2019infections, de maladies<br \/>\ncardiovasculaires ou de diab\u00e8te de type 2 augmentent \u00e0 cet \u00e2ge,<br \/>\ncomme le confirment r\u00e9guli\u00e8rement les donn\u00e9es de l\u2019National<br \/>\nInstitutes of Health.<\/p>\n<p>Que<br \/>\nfaire pour rester plus longtemps jeune ?<\/p>\n<p data-start=\"2461\" data-end=\"2805\">Bonne nouvelle : si l\u2019on ne<br \/>\npeut pas stopper ces bascules biologiques, on peut en att\u00e9nuer les<br \/>\neffets. Les chercheurs insistent sur l\u2019importance des habitudes de<br \/>\nvie. R\u00e9duire le tabac et l\u2019alcool, adopter une alimentation<br \/>\n\u00e9quilibr\u00e9e, maintenir une activit\u00e9 physique r\u00e9guli\u00e8re et pr\u00e9server<br \/>\nun sommeil de qualit\u00e9 sont autant de leviers efficaces.<\/p>\n<p data-start=\"2807\" data-end=\"3110\">En pratique, cela se traduit<br \/>\npar des gestes simples : marcher davantage, adapter son<br \/>\nalimentation avec l\u2019\u00e2ge, \u00e9couter les signaux de fatigue plut\u00f4t que<br \/>\nles ignorer. Ces choix n\u2019emp\u00eachent pas le temps de passer, mais ils<br \/>\npermettent de traverser ces \u00ab coups de vieux \u00bb avec plus de confort<br \/>\net de vitalit\u00e9.<\/p>\n","protected":false},"excerpt":{"rendered":"\u00c0 quel \u00e2ge commence-t-on vraiment \u00e0 vieillir ? Pendant longtemps, la science a eu du mal \u00e0 r\u00e9pondre&hellip;\n","protected":false},"author":2,"featured_media":644461,"comment_status":"","ping_status":"","sticky":false,"template":"","format":"standard","meta":{"footnotes":""},"categories":[10],"tags":[39668,1011,27,72,71],"class_list":{"0":"post-644460","1":"post","2":"type-post","3":"status-publish","4":"format-standard","5":"has-post-thumbnail","7":"category-sante","8":"tag-discop","9":"tag-fr","10":"tag-france","11":"tag-health","12":"tag-sante"},"share_on_mastodon":{"url":"https:\/\/pubeurope.com\/@fr\/115847509059913984","error":""},"_links":{"self":[{"href":"https:\/\/www.europesays.com\/fr\/wp-json\/wp\/v2\/posts\/644460","targetHints":{"allow":["GET"]}}],"collection":[{"href":"https:\/\/www.europesays.com\/fr\/wp-json\/wp\/v2\/posts"}],"about":[{"href":"https:\/\/www.europesays.com\/fr\/wp-json\/wp\/v2\/types\/post"}],"author":[{"embeddable":true,"href":"https:\/\/www.europesays.com\/fr\/wp-json\/wp\/v2\/users\/2"}],"replies":[{"embeddable":true,"href":"https:\/\/www.europesays.com\/fr\/wp-json\/wp\/v2\/comments?post=644460"}],"version-history":[{"count":0,"href":"https:\/\/www.europesays.com\/fr\/wp-json\/wp\/v2\/posts\/644460\/revisions"}],"wp:featuredmedia":[{"embeddable":true,"href":"https:\/\/www.europesays.com\/fr\/wp-json\/wp\/v2\/media\/644461"}],"wp:attachment":[{"href":"https:\/\/www.europesays.com\/fr\/wp-json\/wp\/v2\/media?parent=644460"}],"wp:term":[{"taxonomy":"category","embeddable":true,"href":"https:\/\/www.europesays.com\/fr\/wp-json\/wp\/v2\/categories?post=644460"},{"taxonomy":"post_tag","embeddable":true,"href":"https:\/\/www.europesays.com\/fr\/wp-json\/wp\/v2\/tags?post=644460"}],"curies":[{"name":"wp","href":"https:\/\/api.w.org\/{rel}","templated":true}]}}