{"id":644470,"date":"2026-01-06T09:48:11","date_gmt":"2026-01-06T09:48:11","guid":{"rendered":"https:\/\/www.europesays.com\/fr\/644470\/"},"modified":"2026-01-06T09:48:11","modified_gmt":"2026-01-06T09:48:11","slug":"nous-ne-devons-pas-paniquer-dit-le-premier-ministre-face-aux-menaces-de-trump","status":"publish","type":"post","link":"https:\/\/www.europesays.com\/fr\/644470\/","title":{"rendered":"\u00ab\u00a0Nous ne devons pas paniquer\u00a0\u00bb, dit le premier ministre face aux menaces de Trump"},"content":{"rendered":"<p>Comment r\u00e9agir lorsque la premi\u00e8re puissance militaire mondiale vous menace\u00a0? Pour le <a href=\"https:\/\/www.20minutes.fr\/monde\/etats-unis\/4194368-20260105-groenland-ca-suffit-maintenant-premier-ministre-furieux-apres-nouvelles-menaces-trump\" class=\"c-link c-link--is-underlined\" target=\"_blank\" rel=\"noopener\">premier ministre groenlandais<\/a>, il ne faut pas c\u00e9der \u00e0 la \u00ab\u00a0panique\u00a0\u00bb.<\/p>\n<p>\u00ab\u00a0La situation n\u2019est pas telle que les \u00c9tats-Unis <a href=\"https:\/\/www.20minutes.fr\/monde\/etats-unis\/4192973-20251223-colorier-carte-monde-pourquoi-donald-trump-veut-autant-mettre-main-groenland\" class=\"c-link c-link--is-underlined\" target=\"_blank\" rel=\"noopener\">puissent conqu\u00e9rir le Groenland,<\/a> a d\u00e9velopp\u00e9 Jens-Frederik Nielsen lundi, lors d\u2019une conf\u00e9rence de presse \u00e0 Nuuk, la capitale du Groenland. Ce n\u2019est pas le cas. Nous ne devons donc pas paniquer. Nous devons <a href=\"https:\/\/www.20minutes.fr\/monde\/etats-unis\/4194470-20260105-groenland-si-etats-unis-attaquent-pays-otan-ca-fin-tout-previent-danemark\" class=\"c-link c-link--is-underlined\" target=\"_blank\" rel=\"noopener\">r\u00e9tablir la bonne coop\u00e9ration<\/a> que nous avons eue.\u00a0\u00bb<\/p>\n<\/p>\n<p>Le Groenland va \u00ab\u00a0durcir le ton\u00a0\u00bb<\/p>\n<p>Il a cependant soulign\u00e9 que son gouvernement allait \u00ab\u00a0maintenant durcir le ton, car nous ne sommes pas satisfaits de la situation dans laquelle nous nous trouvons.\u00a0\u00bb \u00ab\u00a0\u00c7a suffit que la communication se fasse par les m\u00e9dias et par divers d\u00e9tours\u00a0\u00bb, a-t-il affirm\u00e9.<\/p>\n<p>Interrog\u00e9 par le magazine am\u00e9ricain The Atlantic sur les implications pour le Groenland de l\u2019op\u00e9ration militaire men\u00e9e par les forces sp\u00e9ciales am\u00e9ricaines au Venezuela, Donald Trump a d\u00e9clar\u00e9 que c\u2019\u00e9tait \u00e0 ses partenaires de les \u00e9valuer\u00a0: \u00ab\u00a0Ils vont devoir se faire leur propre opinion\u00a0\u00bb.<\/p>\n<p>Le Groenland \u00ab\u00a0n\u2019est pas comparable au Venezuela\u00a0\u00bb<\/p>\n<p>Pour Jens-Frederik Nielsen, une chose est s\u00fbre, la situation est tr\u00e8s diff\u00e9rente. \u00ab\u00a0Notre pays n\u2019est pas comparable au Venezuela. Nous sommes un pays d\u00e9mocratique. Il l\u2019est depuis de tr\u00e8s, tr\u00e8s nombreuses ann\u00e9es\u00a0\u00bb, a-t-il insist\u00e9.<\/p>\n<p>Le pr\u00e9sident am\u00e9ricain r\u00e9p\u00e8te avoir \u00ab\u00a0besoin du Groenland du point de vue de la s\u00e9curit\u00e9 nationale\u00a0\u00bb. \u00ab\u00a0Le Danemark ne sera pas en mesure de s\u2019en occuper\u00a0\u00bb, a-t-il affirm\u00e9 devant des journalistes \u00e0 bord d\u2019Air Force One dimanche soir, assurant qu\u2019il allait s\u2019occuper \u00ab\u00a0du Groenland dans environ deux mois\u00a0\u00bb, voire \u00ab\u00a0dans 20 jours\u00a0\u00bb.<\/p>\n<p>Menace sur l\u2019Otan<\/p>\n<p>\u00ab\u00a0Si les \u00c9tats-Unis choisissent d\u2019attaquer militairement un autre pays de l\u2019Otan, alors c\u2019est la fin de tout. Y compris notre Otan et donc la s\u00e9curit\u00e9 mise en place depuis la fin de la Seconde Guerre mondiale\u00a0\u00bb, a d\u00e9clar\u00e9 la Premi\u00e8re ministre danoise Mette Frederiksen \u00e0 la t\u00e9l\u00e9vision TV2.<\/p>\n<p>\u00ab\u00a0Je ne suis pas d\u2019accord pour dire que la s\u00e9curit\u00e9 dans l\u2019Arctique n\u2019est pas assur\u00e9e\u00a0\u00bb, a-t-elle ajout\u00e9. En\u00a02025, le Danemark a allou\u00e9 quelque 90\u00a0milliards de couronnes (1,2\u00a0milliard d\u2019euros) \u00e0 la s\u00e9curit\u00e9 dans la r\u00e9gion, a-t-elle rappel\u00e9.<\/p>\n<p>Immense \u00eele arctique peupl\u00e9e de 57.000 habitants, le Groenland dispose d\u2019importantes ressources mini\u00e8res, majoritairement non exploit\u00e9es, et est consid\u00e9r\u00e9 comme un emplacement strat\u00e9gique. Les Etats-Unis y ont d\u00e9j\u00e0 une base militaire et en exploitaient une dizaine pendant la guerre froide. Le mois dernier, le pr\u00e9sident am\u00e9ricain s\u2019\u00e9tait plaint que des navires russes et chinois soient \u00ab\u00a0partout\u00a0\u00bb le long des c\u00f4tes du Groenland.<\/p>\n","protected":false},"excerpt":{"rendered":"Comment r\u00e9agir lorsque la premi\u00e8re puissance militaire mondiale vous menace\u00a0? Pour le premier ministre groenlandais, il ne faut&hellip;\n","protected":false},"author":2,"featured_media":644471,"comment_status":"","ping_status":"","sticky":false,"template":"","format":"standard","meta":{"footnotes":""},"categories":[5],"tags":[47,11,145,75,73,1011,27,146,14,74,12,136,337,28],"class_list":{"0":"post-644470","1":"post","2":"type-post","3":"status-publish","4":"format-standard","5":"has-post-thumbnail","7":"category-international","8":"tag-actualite","9":"tag-actualites","10":"tag-danemark","11":"tag-donald-trump","12":"tag-etats-unis","13":"tag-fr","14":"tag-france","15":"tag-groenland","16":"tag-international","17":"tag-monde","18":"tag-news","19":"tag-otan","20":"tag-venezuela","21":"tag-world"},"share_on_mastodon":{"url":"https:\/\/pubeurope.com\/@fr\/115847528742860590","error":""},"_links":{"self":[{"href":"https:\/\/www.europesays.com\/fr\/wp-json\/wp\/v2\/posts\/644470","targetHints":{"allow":["GET"]}}],"collection":[{"href":"https:\/\/www.europesays.com\/fr\/wp-json\/wp\/v2\/posts"}],"about":[{"href":"https:\/\/www.europesays.com\/fr\/wp-json\/wp\/v2\/types\/post"}],"author":[{"embeddable":true,"href":"https:\/\/www.europesays.com\/fr\/wp-json\/wp\/v2\/users\/2"}],"replies":[{"embeddable":true,"href":"https:\/\/www.europesays.com\/fr\/wp-json\/wp\/v2\/comments?post=644470"}],"version-history":[{"count":0,"href":"https:\/\/www.europesays.com\/fr\/wp-json\/wp\/v2\/posts\/644470\/revisions"}],"wp:featuredmedia":[{"embeddable":true,"href":"https:\/\/www.europesays.com\/fr\/wp-json\/wp\/v2\/media\/644471"}],"wp:attachment":[{"href":"https:\/\/www.europesays.com\/fr\/wp-json\/wp\/v2\/media?parent=644470"}],"wp:term":[{"taxonomy":"category","embeddable":true,"href":"https:\/\/www.europesays.com\/fr\/wp-json\/wp\/v2\/categories?post=644470"},{"taxonomy":"post_tag","embeddable":true,"href":"https:\/\/www.europesays.com\/fr\/wp-json\/wp\/v2\/tags?post=644470"}],"curies":[{"name":"wp","href":"https:\/\/api.w.org\/{rel}","templated":true}]}}