{"id":644472,"date":"2026-01-06T09:49:10","date_gmt":"2026-01-06T09:49:10","guid":{"rendered":"https:\/\/www.europesays.com\/fr\/644472\/"},"modified":"2026-01-06T09:49:10","modified_gmt":"2026-01-06T09:49:10","slug":"cet-ancien-enseignant-a-mis-au-point-une-solution-redoutable-pour-eloigner-les-eleves-de-leur-portable","status":"publish","type":"post","link":"https:\/\/www.europesays.com\/fr\/644472\/","title":{"rendered":"Cet ancien enseignant a mis au point une solution redoutable pour \u00e9loigner les \u00e9l\u00e8ves de leur portable"},"content":{"rendered":"<p>Pendant pr\u00e8s de vingt ans, Guillaume Vilain a \u00e9t\u00e9 professeur des \u00e9coles en Belgique, \u00e0 l\u2019\u00e9cole communale de Callenelle. \u201cC\u2019\u00e9tait une \u00e9cole de village, assez calme, avec des enfants plut\u00f4t sages, une vie pos\u00e9e\u201d, raconte-t-il. Aujourd\u2019hui, son quotidien est bien diff\u00e9rent. Depuis 2021, l\u2019ancien enseignant a pris un virage radical en se lan\u00e7ant dans l&rsquo;entrepreneuriat et en d\u00e9veloppant une solution destin\u00e9e \u00e0 limiter l\u2019usage du t\u00e9l\u00e9phone portable \u00e0 l\u2019\u00e9cole.<\/p>\n<p>Lorsqu\u2019il \u00e9tait enseignant, Guillaume Vilain avait d\u00e9j\u00e0 en t\u00eate plusieurs projets pour \u201cam\u00e9liorer le bien-\u00eatre des \u00e9l\u00e8ves\u201d. Pour les mener \u00e0 bien, il d\u00e9cide de reprendre des \u00e9tudes. \u201cJe suis all\u00e9 me former en business, parce que je n\u2019avais pas toutes les connaissances n\u00e9cessaires\u201d, explique-t-il. \u00c0 la suite de sa formation, il lance un premier projet entrepreneurial : Feel, une application destin\u00e9e aux \u00e9tablissements scolaires et dont l\u2019objectif est de d\u00e9tecter les situations de harc\u00e8lement. \u201cL\u2019id\u00e9e, c\u2019\u00e9tait de rep\u00e9rer les ados qui n\u2019allaient pas bien, notamment les cas de harc\u00e8lement non identifi\u00e9s, de les aider, mais aussi d\u2019am\u00e9liorer la communication et de recr\u00e9er du lien humain, souligne-t-il. Cette application fonctionnait vraiment tr\u00e8s bien. Malheureusement, c&rsquo;est un gouffre financier, parce qu&rsquo;il y a une mod\u00e9ration assez \u00e9norme derri\u00e8re, puisque les th\u00e9matiques sont parfois tr\u00e8s tendues. Nous avons d\u00fb arr\u00eater.\u201d<\/p>\n<p>De cette exp\u00e9rience, \u00e9merge un autre constat chez Guillaume Vilain\u00a0: la place envahissante des \u00e9crans. \u201cLa probl\u00e9matique revenait sans cesse dans les cas de harc\u00e8lement. C\u2019\u00e9tait \u00e9vident qu\u2019il fallait travailler l\u00e0-dessus et \u00e9teindre le feu dans les \u00e9tablissements scolaires\u201d, explique-t-il. Nous sommes alors en 2024 et, \u00e0 ce moment-l\u00e0, plusieurs pistes sont \u00e9voqu\u00e9es dans les \u00e9coles pour limiter l\u2019usage des \u00e9crans en classe, comme la confiscation des t\u00e9l\u00e9phones \u00e0 l\u2019entr\u00e9e. Une solution qui, selon lui, montre vite ses limites. \u201cCela ne soulage pas les \u00e9tablissements, c\u2019est tr\u00e8s lourd \u00e0 g\u00e9rer pour les \u00e9quipes\u201d, observe-t-il. C\u2019est alors qu\u2019une nouvelle id\u00e9e s\u2019impose \u00e0 lui.<\/p>\n<p>Concr\u00e8tement, Guillaume Vilain d\u00e9veloppe une pochette anti-ondes con\u00e7ue pour emp\u00eacher l\u2019utilisation des smartphones. Fabriqu\u00e9e en n\u00e9opr\u00e8ne, elle int\u00e8gre une couche anti-ondes compos\u00e9e de filaments de cuivre et d\u2019argent. Une fois le t\u00e9l\u00e9phone gliss\u00e9 \u00e0 l\u2019int\u00e9rieur, la pochette est verrouill\u00e9e gr\u00e2ce \u00e0 un syst\u00e8me magn\u00e9tique, d\u00e9verrouillable uniquement \u00e0 l\u2019aide d\u2019un aimant sp\u00e9cifique, semblable \u00e0 ceux utilis\u00e9s pour les antivols en magasin.<\/p>\n<p>Le fonctionnement de son syst\u00e8me, qu\u2019il a appel\u00e9 \u201cNoPhone\u201d, est simple\u00a0: \u00e0 l\u2019entr\u00e9e dans l\u2019\u00e9tablissement, les \u00e9l\u00e8ves ferment eux-m\u00eames leur pochette \u00e0 l\u2019aide d\u2019une base magn\u00e9tique, qu\u2019ils rouvrent en sortant. \u201cContrairement \u00e0 ce qu\u2019on pourrait croire, les \u00e9l\u00e8ves adh\u00e8rent \u00e0 cette solution, indique Guillaume Vilain. Ils me disent souvent que \u00e7a leur fait du bien de se d\u00e9connecter. Et surtout : \u2018Au moins, on ne nous confisque plus notre t\u00e9l\u00e9phone, on l\u2019a sur nous\u2019, disent-ils.\u201d<\/p>\n<p>En France, une soixantaine d\u2019\u00e9tablissements, coll\u00e8ges et lyc\u00e9es, sont d\u00e9j\u00e0 \u00e9quip\u00e9s. Des \u00e9tablissements belges ont \u00e9galement adopt\u00e9 le dispositif. \u201cDepuis la rentr\u00e9e 2025, environ 400 devis sont en attente dans des \u00e9tablissements publics. Le principal frein reste le budget\u201d, regrette-t-il. Un kit \u00e9chantillon, pour tester la solution, comprenant une pochette classique, une pochette anti-ondes, une base verrouillable et une base mobile co\u00fbte 199 euros TTC. Pour un \u00e9tablissement d\u00e9sirant \u00e9quiper entre 500 et 1 000 \u00e9l\u00e8ves, le budget \u00e0 pr\u00e9voir se situe entre 7 000 et 12 000 euros TTC, bases et livraison comprises, indique Guillaume Vilain.<\/p>\n<p>En classe, les effets se font rapidement ressentir, assure l\u2019entrepreneur. La directrice du lyc\u00e9e Jean Boets, en Belgique, \u00e9quip\u00e9 du dispositif, confirme : \u201cLes professeurs ne perdent plus de temps. Pour nous, c\u2019est un vrai gain d\u2019\u00e9nergie et de s\u00e9r\u00e9nit\u00e9. Avant, le t\u00e9l\u00e9phone g\u00e9n\u00e9rait \u00e9norm\u00e9ment de tensions.\u201d<\/p>\n<p>Dans les lyc\u00e9es, le syst\u00e8me se veut modulable, afin de permettre des usages p\u00e9dagogiques encadr\u00e9s du smartphone. \u201cOn a donc des bases qui vont \u00eatre fix\u00e9es sur les murs, mais il y a des bases qui vont \u00eatre mobiles pour permettre aux \u00e9l\u00e8ves de d\u00e9verrouiller plus facilement leur pochette en cas d\u2019usage en cours, par exemple\u201d, explique-t-il. Une solution qui fait \u00e9cho \u00e0 l&rsquo;actualit\u00e9. Le 28 novembre dernier, Emmanuel Macron a \u00e9voqu\u00e9 un possible \u00e9largissement de l\u2019interdiction du t\u00e9l\u00e9phone au lyc\u00e9e.<\/p>\n<p>Dans le sup\u00e9rieur, le dispositif est pour l\u2019instant surtout utilis\u00e9 lors des examens, \u201cpour \u00e9viter la triche\u201d. L\u2019universit\u00e9 Paris-Saclay s\u2019est notamment \u00e9quip\u00e9e. \u00c0 la maison, en revanche, l\u2019entrepreneur se montre plus r\u00e9serv\u00e9. \u201cLa solution est sans doute trop dure pour un cadre familial, sauf quand le temps d\u2019\u00e9cran devient compl\u00e8tement d\u00e9mesur\u00e9\u201d, conclut-il.<\/p>\n","protected":false},"excerpt":{"rendered":"Pendant pr\u00e8s de vingt ans, Guillaume Vilain a \u00e9t\u00e9 professeur des \u00e9coles en Belgique, \u00e0 l\u2019\u00e9cole communale de&hellip;\n","protected":false},"author":2,"featured_media":644473,"comment_status":"","ping_status":"","sticky":false,"template":"","format":"standard","meta":{"footnotes":""},"categories":[4],"tags":[11,75069,51761,51763,1011,27,56848,1031,12,51767,25],"class_list":{"0":"post-644472","1":"post","2":"type-post","3":"status-publish","4":"format-standard","5":"has-post-thumbnail","7":"category-france","8":"tag-actualites","9":"tag-cms-figaroetudiant-47492","10":"tag-controller-content","11":"tag-format-papier","12":"tag-fr","13":"tag-france","14":"tag-les-histoires-du-figaro-etudiant","15":"tag-magazine","16":"tag-news","17":"tag-parallaxeinfeed","18":"tag-republique-francaise"},"share_on_mastodon":{"url":"https:\/\/pubeurope.com\/@fr\/115847532683755956","error":""},"_links":{"self":[{"href":"https:\/\/www.europesays.com\/fr\/wp-json\/wp\/v2\/posts\/644472","targetHints":{"allow":["GET"]}}],"collection":[{"href":"https:\/\/www.europesays.com\/fr\/wp-json\/wp\/v2\/posts"}],"about":[{"href":"https:\/\/www.europesays.com\/fr\/wp-json\/wp\/v2\/types\/post"}],"author":[{"embeddable":true,"href":"https:\/\/www.europesays.com\/fr\/wp-json\/wp\/v2\/users\/2"}],"replies":[{"embeddable":true,"href":"https:\/\/www.europesays.com\/fr\/wp-json\/wp\/v2\/comments?post=644472"}],"version-history":[{"count":0,"href":"https:\/\/www.europesays.com\/fr\/wp-json\/wp\/v2\/posts\/644472\/revisions"}],"wp:featuredmedia":[{"embeddable":true,"href":"https:\/\/www.europesays.com\/fr\/wp-json\/wp\/v2\/media\/644473"}],"wp:attachment":[{"href":"https:\/\/www.europesays.com\/fr\/wp-json\/wp\/v2\/media?parent=644472"}],"wp:term":[{"taxonomy":"category","embeddable":true,"href":"https:\/\/www.europesays.com\/fr\/wp-json\/wp\/v2\/categories?post=644472"},{"taxonomy":"post_tag","embeddable":true,"href":"https:\/\/www.europesays.com\/fr\/wp-json\/wp\/v2\/tags?post=644472"}],"curies":[{"name":"wp","href":"https:\/\/api.w.org\/{rel}","templated":true}]}}