{"id":644478,"date":"2026-01-06T09:52:12","date_gmt":"2026-01-06T09:52:12","guid":{"rendered":"https:\/\/www.europesays.com\/fr\/644478\/"},"modified":"2026-01-06T09:52:12","modified_gmt":"2026-01-06T09:52:12","slug":"un-jeune-espoir-signe-en-professionnel-off","status":"publish","type":"post","link":"https:\/\/www.europesays.com\/fr\/644478\/","title":{"rendered":"un jeune espoir signe en professionnel (off)"},"content":{"rendered":"<p data-start=\"137\" data-end=\"596\">Saint-\u00c9tienne mise sur l\u2019avenir avec Paul Eymard. Ce lundi 5 janvier, le joueur de 18 ans, qui f\u00eate son anniversaire, a re\u00e7u un beau cadeau de son club. Quelques jours apr\u00e8s sa titularisation face au Mans (0-0), le milieu de terrain a sign\u00e9 son premier contrat professionnel. Arriv\u00e9 chez les Verts en 2022, le jeune joueur a d\u2019abord fait ses classes en Auvergne au Velay FC, puis sous les couleurs du Le Puy Foot 43 pendant deux saisons.<\/p>\n<p data-start=\"598\" data-end=\"877\">Eymard a \u00e9galement\u00a0 \u00a0tap\u00e9 dans l\u2019\u0153il de la FFF. Convoqu\u00e9 sous le maillot tricolore d\u00e8s l\u2019\u00e2ge de 15 ans, il compte d\u00e9sormais 26 s\u00e9lections et a notamment \u00e9t\u00e9 finaliste de l\u2019Euro U17 en 2025, quelques mois apr\u00e8s avoir remport\u00e9 le prestigieux Tournoi de Montaigu en 2024.<\/p>\n<blockquote class=\"twitter-tweet\">\n<p dir=\"ltr\" lang=\"fr\">\u270d\ufe0f Paul Eymard. N\u00e9 le 5 janvier 2008. D\u00e9sormais professionnel ! <a href=\"https:\/\/t.co\/kJrObElarm\">pic.twitter.com\/kJrObElarm<\/a><\/p>\n<p>\u2014 AS Saint-\u00c9tienne (@ASSEofficiel) <a href=\"https:\/\/twitter.com\/ASSEofficiel\/status\/2008222464522813634?ref_src=twsrc%5Etfw\" target=\"_blank\" rel=\"noopener\">January 5, 2026<\/a><\/p>\n<\/blockquote>\n<p data-start=\"1027\" data-end=\"1195\">Cette saison, le natif de Mbour (S\u00e9n\u00e9gal) a pris part \u00e0 4 matchs avec les St\u00e9phanois pour 2 buts. Le jeune milieu de terrain est d\u00e9sormais li\u00e9 \u00e0 l\u2019ASSE jusqu\u2019en 2028.<\/p>\n<p>Partagez cette info avec vos amis et vos proches en cliquant ici<br \/>ASSE : Un jeune signe en professionnel (off)<\/p>\n<p>Saint-\u00c9tienne mise sur l\u2019avenir avec Paul Eymard. \u00c0 18 ans, le jeune milieu s\u00e9n\u00e9galais a sign\u00e9 son premier contrat professionnel apr\u00e8s ses d\u00e9buts en Ligue 2 et ses nombreuses s\u00e9lections avec les \u00e9quipes de France jeunes.<\/p>\n<p> <img decoding=\"async\" width=\"76\" height=\"76\" loading=\"lazy\" src=\"https:\/\/static.wui.fr\/images_v3\/avatar-footnational.png\" alt=\"Clement Fradique\"\/><script async src=\"https:\/\/platform.twitter.com\/widgets.js\" charset=\"utf-8\"><\/script><\/p>\n","protected":false},"excerpt":{"rendered":"Saint-\u00c9tienne mise sur l\u2019avenir avec Paul Eymard. Ce lundi 5 janvier, le joueur de 18 ans, qui f\u00eate&hellip;\n","protected":false},"author":2,"featured_media":644479,"comment_status":"","ping_status":"","sticky":false,"template":"","format":"standard","meta":{"footnotes":""},"categories":[9653],"tags":[1111,11,2430,1777,674,1011,27,59995,12,25,4001],"class_list":{"0":"post-644478","1":"post","2":"type-post","3":"status-publish","4":"format-standard","5":"has-post-thumbnail","7":"category-saint-etienne","8":"tag-actu","9":"tag-actualites","10":"tag-auvergne-rhone-alpes","11":"tag-eu","12":"tag-europe","13":"tag-fr","14":"tag-france","15":"tag-ligue-2-actus","16":"tag-news","17":"tag-republique-francaise","18":"tag-saint-etienne"},"share_on_mastodon":{"url":"https:\/\/pubeurope.com\/@fr\/115847544384552427","error":""},"_links":{"self":[{"href":"https:\/\/www.europesays.com\/fr\/wp-json\/wp\/v2\/posts\/644478","targetHints":{"allow":["GET"]}}],"collection":[{"href":"https:\/\/www.europesays.com\/fr\/wp-json\/wp\/v2\/posts"}],"about":[{"href":"https:\/\/www.europesays.com\/fr\/wp-json\/wp\/v2\/types\/post"}],"author":[{"embeddable":true,"href":"https:\/\/www.europesays.com\/fr\/wp-json\/wp\/v2\/users\/2"}],"replies":[{"embeddable":true,"href":"https:\/\/www.europesays.com\/fr\/wp-json\/wp\/v2\/comments?post=644478"}],"version-history":[{"count":0,"href":"https:\/\/www.europesays.com\/fr\/wp-json\/wp\/v2\/posts\/644478\/revisions"}],"wp:featuredmedia":[{"embeddable":true,"href":"https:\/\/www.europesays.com\/fr\/wp-json\/wp\/v2\/media\/644479"}],"wp:attachment":[{"href":"https:\/\/www.europesays.com\/fr\/wp-json\/wp\/v2\/media?parent=644478"}],"wp:term":[{"taxonomy":"category","embeddable":true,"href":"https:\/\/www.europesays.com\/fr\/wp-json\/wp\/v2\/categories?post=644478"},{"taxonomy":"post_tag","embeddable":true,"href":"https:\/\/www.europesays.com\/fr\/wp-json\/wp\/v2\/tags?post=644478"}],"curies":[{"name":"wp","href":"https:\/\/api.w.org\/{rel}","templated":true}]}}