{"id":644521,"date":"2026-01-06T10:20:20","date_gmt":"2026-01-06T10:20:20","guid":{"rendered":"https:\/\/www.europesays.com\/fr\/644521\/"},"modified":"2026-01-06T10:20:20","modified_gmt":"2026-01-06T10:20:20","slug":"pourquoi-lavenir-de-robinio-vaz-a-marseille-est-tres-incertain","status":"publish","type":"post","link":"https:\/\/www.europesays.com\/fr\/644521\/","title":{"rendered":"pourquoi l&rsquo;avenir de Robinio Vaz \u00e0 Marseille est tr\u00e8s incertain"},"content":{"rendered":"<p>L&rsquo;ancien Sochalien leur a donn\u00e9 raison, un temps, <a href=\"https:\/\/www.laprovence.com\/article\/om\/31240109984463\/om-aubameyang-a-la-coupe-d-afrique-gouiri-toujours-blesse-c-est-l-heure-de-robinio-vaz-qui-doit-encore-franchir-un-cap-et-digerer-son-nouveau-statut\" target=\"_blank\" rel=\"noopener\">avant de subir le contrecoup de son ascension m\u00e9t\u00e9orique<\/a>, devenant plus quelconque et neutre, moins d\u00e9cisif, jusqu&rsquo;\u00e0 ne plus incarner une r\u00e9elle alternative dans l&rsquo;esprit de Roberto De Zerbi, ces derniers temps. Ce n&rsquo;est sans doute pas une co\u00efncidence, mais ce coup de moins bien correspond \u00e0 l&rsquo;enlisement des n\u00e9gociations concernant une nouvelle prolongation de contrat, quelques mois seulement apr\u00e8s une premi\u00e8re ent\u00e9rin\u00e9e au printemps 2025.<\/p>\n<p>Des discussions au point mort<\/p>\n<p>Il y a peu de temps encore, les deux parties \u00e9changeaient r\u00e9guli\u00e8rement, entre propositions et contre-propositions. Les positions \u00e9taient assez \u00e9loign\u00e9es mais c&rsquo;\u00e9tait le jeu des pourparlers, croyait-on alors. Jusqu\u2019\u00e0 ce que l&rsquo;OM ne d\u00e9cide d&rsquo;y mettre un terme de mani\u00e8re brutale et inattendue pour beaucoup. L&rsquo;\u00e9tat-major marseillais estime avoir fait les efforts suffisants en proposant de multiplier par six le salaire de Vaz, qui \u00e9marge actuellement \u00e0 10 000 euros mensuels. Inenvisageable d&rsquo;aller plus loin pour l&rsquo;OM. Et voil\u00e0 donc le natif de Mantes-la-Jolie pouss\u00e9 vers la sortie, le moral dans les chaussettes, affect\u00e9 par la situation malgr\u00e9 l&rsquo;insouciance qui l&rsquo;accompagne et donc <a href=\"https:\/\/www.laprovence.com\/article\/om\/21511482535201\/om-nantes-0-2-on-navait-pas-la-bave-aux-levres-regrette-de-zerbi\" target=\"_blank\" rel=\"noopener\">moins performant aux entra\u00eenements<\/a>.<\/p>\n","protected":false},"excerpt":{"rendered":"L&rsquo;ancien Sochalien leur a donn\u00e9 raison, un temps, avant de subir le contrecoup de son ascension m\u00e9t\u00e9orique, devenant&hellip;\n","protected":false},"author":2,"featured_media":644522,"comment_status":"","ping_status":"","sticky":false,"template":"","format":"standard","meta":{"footnotes":""},"categories":[2814],"tags":[5734,1111,11,1777,674,1011,27,28344,884,1434,12,149,7555,882,25,75072,47630],"class_list":{"0":"post-644521","1":"post","2":"type-post","3":"status-publish","4":"format-standard","5":"has-post-thumbnail","7":"category-marseille","8":"tag-5734","9":"tag-actu","10":"tag-actualites","11":"tag-eu","12":"tag-europe","13":"tag-fr","14":"tag-france","15":"tag-lavenir","16":"tag-marseille","17":"tag-mercato","18":"tag-news","19":"tag-om","20":"tag-pourquoi","21":"tag-provence-alpes-cote-dazur","22":"tag-republique-francaise","23":"tag-robinio","24":"tag-vaz"},"share_on_mastodon":{"url":"https:\/\/pubeurope.com\/@fr\/115847654568479350","error":""},"_links":{"self":[{"href":"https:\/\/www.europesays.com\/fr\/wp-json\/wp\/v2\/posts\/644521","targetHints":{"allow":["GET"]}}],"collection":[{"href":"https:\/\/www.europesays.com\/fr\/wp-json\/wp\/v2\/posts"}],"about":[{"href":"https:\/\/www.europesays.com\/fr\/wp-json\/wp\/v2\/types\/post"}],"author":[{"embeddable":true,"href":"https:\/\/www.europesays.com\/fr\/wp-json\/wp\/v2\/users\/2"}],"replies":[{"embeddable":true,"href":"https:\/\/www.europesays.com\/fr\/wp-json\/wp\/v2\/comments?post=644521"}],"version-history":[{"count":0,"href":"https:\/\/www.europesays.com\/fr\/wp-json\/wp\/v2\/posts\/644521\/revisions"}],"wp:featuredmedia":[{"embeddable":true,"href":"https:\/\/www.europesays.com\/fr\/wp-json\/wp\/v2\/media\/644522"}],"wp:attachment":[{"href":"https:\/\/www.europesays.com\/fr\/wp-json\/wp\/v2\/media?parent=644521"}],"wp:term":[{"taxonomy":"category","embeddable":true,"href":"https:\/\/www.europesays.com\/fr\/wp-json\/wp\/v2\/categories?post=644521"},{"taxonomy":"post_tag","embeddable":true,"href":"https:\/\/www.europesays.com\/fr\/wp-json\/wp\/v2\/tags?post=644521"}],"curies":[{"name":"wp","href":"https:\/\/api.w.org\/{rel}","templated":true}]}}