{"id":644525,"date":"2026-01-06T10:22:17","date_gmt":"2026-01-06T10:22:17","guid":{"rendered":"https:\/\/www.europesays.com\/fr\/644525\/"},"modified":"2026-01-06T10:22:17","modified_gmt":"2026-01-06T10:22:17","slug":"nicolas-sarkozy-attendu-en-dedicace-a-lyon-sous-haute-securite","status":"publish","type":"post","link":"https:\/\/www.europesays.com\/fr\/644525\/","title":{"rendered":"Nicolas Sarkozy attendu en d\u00e9dicace \u00e0 Lyon sous haute s\u00e9curit\u00e9"},"content":{"rendered":"<p class=\"content\" style=\"font-size:1.2em;font-weight:700\">Nicolas Sarkozy fera \u00e9tape \u00e0 Lyon ce jeudi pour rencontrer ses lecteurs. Une s\u00e9ance de d\u00e9dicaces tr\u00e8s encadr\u00e9e, organis\u00e9e \u00e0 la Fnac Bellecour, autour de son dernier ouvrage.<\/p>\n<p>Apr\u00e8s plusieurs dates en France, Nicolas Sarkozy sera \u00e0 Lyon ce jeudi 8 janvier 2026. L\u2019ex-chef de l\u2019\u00c9tat est attendu \u00e0 partir de 15 heures \u00e0 la Fnac Bellecour, rue de la R\u00e9publique, pour une s\u00e9ance de d\u00e9dicaces de son livre Le journal d\u2019un prisonnier, publi\u00e9 chez Fayard. Pendant deux heures, il signera cet ouvrage dans lequel il revient sur ses semaines de d\u00e9tention \u00e0 la prison de la Sant\u00e9, un r\u00e9cit qui rencontre un large succ\u00e8s en librairie depuis sa sortie en d\u00e9cembre.<\/p>\n<p><strong>A lire aussi<\/strong> : <a href=\"https:\/\/www.lyoncapitale.fr\/justice\/sarkozy-en-garde-a-vue-humiliant-et-inutile-pour-wauquiez\" target=\"_blank\" rel=\"noreferrer noopener\">Sarkozy en garde \u00e0 vue, \u00ab\u00a0humiliant et inutile\u00a0\u00bb pour Wauquiez<\/a><\/p>\n<p>Compte tenu du contexte judiciaire et de la notori\u00e9t\u00e9 de l\u2019auteur, l\u2019\u00e9v\u00e9nement se d\u00e9roulera sous un dispositif de s\u00e9curit\u00e9 renforc\u00e9. L\u2019acc\u00e8s sera strictement r\u00e9serv\u00e9 aux personnes inscrites au pr\u00e9alable. \u00c0 l\u2019entr\u00e9e, les participants devront pr\u00e9senter une pi\u00e8ce d\u2019identit\u00e9 ainsi que le mail de confirmation transmis par l\u2019enseigne. Le livre devra \u00e9galement \u00eatre pr\u00e9sent\u00e9 ou achet\u00e9 sur place.<\/p>\n<p>La Fnac pr\u00e9cise par ailleurs que les selfies et les objets personnels \u00e0 faire signer seront interdits. Seul l\u2019ouvrage de Nicolas Sarkozy pourra \u00eatre d\u00e9dicac\u00e9, afin d\u2019assurer le bon d\u00e9roulement de cette rencontre tr\u00e8s encadr\u00e9e.<\/p>\n","protected":false},"excerpt":{"rendered":"Nicolas Sarkozy fera \u00e9tape \u00e0 Lyon ce jeudi pour rencontrer ses lecteurs. Une s\u00e9ance de d\u00e9dicaces tr\u00e8s encadr\u00e9e,&hellip;\n","protected":false},"author":2,"featured_media":644526,"comment_status":"","ping_status":"","sticky":false,"template":"","format":"standard","meta":{"footnotes":""},"categories":[1889],"tags":[1111,11,2430,1777,674,1011,27,2428,12,25],"class_list":{"0":"post-644525","1":"post","2":"type-post","3":"status-publish","4":"format-standard","5":"has-post-thumbnail","7":"category-lyon","8":"tag-actu","9":"tag-actualites","10":"tag-auvergne-rhone-alpes","11":"tag-eu","12":"tag-europe","13":"tag-fr","14":"tag-france","15":"tag-lyon","16":"tag-news","17":"tag-republique-francaise"},"share_on_mastodon":{"url":"https:\/\/pubeurope.com\/@fr\/115847662322429756","error":""},"_links":{"self":[{"href":"https:\/\/www.europesays.com\/fr\/wp-json\/wp\/v2\/posts\/644525","targetHints":{"allow":["GET"]}}],"collection":[{"href":"https:\/\/www.europesays.com\/fr\/wp-json\/wp\/v2\/posts"}],"about":[{"href":"https:\/\/www.europesays.com\/fr\/wp-json\/wp\/v2\/types\/post"}],"author":[{"embeddable":true,"href":"https:\/\/www.europesays.com\/fr\/wp-json\/wp\/v2\/users\/2"}],"replies":[{"embeddable":true,"href":"https:\/\/www.europesays.com\/fr\/wp-json\/wp\/v2\/comments?post=644525"}],"version-history":[{"count":0,"href":"https:\/\/www.europesays.com\/fr\/wp-json\/wp\/v2\/posts\/644525\/revisions"}],"wp:featuredmedia":[{"embeddable":true,"href":"https:\/\/www.europesays.com\/fr\/wp-json\/wp\/v2\/media\/644526"}],"wp:attachment":[{"href":"https:\/\/www.europesays.com\/fr\/wp-json\/wp\/v2\/media?parent=644525"}],"wp:term":[{"taxonomy":"category","embeddable":true,"href":"https:\/\/www.europesays.com\/fr\/wp-json\/wp\/v2\/categories?post=644525"},{"taxonomy":"post_tag","embeddable":true,"href":"https:\/\/www.europesays.com\/fr\/wp-json\/wp\/v2\/tags?post=644525"}],"curies":[{"name":"wp","href":"https:\/\/api.w.org\/{rel}","templated":true}]}}