{"id":644538,"date":"2026-01-06T10:32:11","date_gmt":"2026-01-06T10:32:11","guid":{"rendered":"https:\/\/www.europesays.com\/fr\/644538\/"},"modified":"2026-01-06T10:32:11","modified_gmt":"2026-01-06T10:32:11","slug":"macron-reunit-zelensky-et-les-emissaires-de-trump-pour-un-dejeuner-a-lelysee","status":"publish","type":"post","link":"https:\/\/www.europesays.com\/fr\/644538\/","title":{"rendered":"Macron r\u00e9unit Zelensky et les \u00e9missaires de Trump pour un d\u00e9jeuner \u00e0 l&rsquo;Elys\u00e9e&#8230;"},"content":{"rendered":"<p>Zelensky et Witkoff d\u00e9jeunent \u00e0 la table de Macron<\/p>\n<p>Emmanuel Macron re\u00e7oit son homologue ukrainien Volodymyr Zelensky et les \u00e9missaires am\u00e9ricains Steve Witkoff et Jared Kushner \u2013 gendre de Donald Trump \u2013 pour un d\u00e9jeuner au palais pr\u00e9sidentiel de l&rsquo;Elys\u00e9e.<\/p>\n<p>Dans la foul\u00e9e, le sommet r\u00e9unira 35 pays, dont 27 repr\u00e9sent\u00e9s par des chefs d&rsquo;Etat ou de gouvernement comme l&rsquo;Italienne Giorgia Meloni et le Canadien Mark Carney. Les dirigeants de l&rsquo;Otan et de l&rsquo;Union europ\u00e9enne sont aussi attendus.<\/p>\n<p>La \u00ab\u00a0Coalition des volontaires\u00a0\u00bb r\u00e9unie \u00e0 Paris<\/p>\n<p>Les pays europ\u00e9ens alli\u00e9s de l\u2019Ukraine et des \u00e9missaires am\u00e9ricains se retrouvent mardi \u00e0 Paris pour un sommet visant \u00e0 afficher leur \u00ab\u00a0convergence\u00a0\u00bb sur les garanties de s\u00e9curit\u00e9 \u00e0 fournir \u00e0 Kiev et pr\u00e9ciser les contours d\u2019une \u00ab\u00a0force multinationale\u00a0\u00bb en cas d\u2019accord de cessez-le-feu avec Moscou.<\/p>\n<p>L\u2019entourage du pr\u00e9sident fran\u00e7ais Emmanuel Macron pr\u00e9sente cette nouvelle r\u00e9union de la \u00ab\u00a0Coalition des volontaires\u00a0\u00bb comme l\u2019aboutissement des efforts qu\u2019il a commenc\u00e9 \u00e0 d\u00e9ployer il y a environ un an, apr\u00e8s l\u2019arriv\u00e9e de Donald Trump \u00e0 la Maison-Blanche, pour \u00e9viter que les Etats-Unis ne \u00ab\u00a0l\u00e2chent l\u2019Ukraine\u00a0\u00bb.<\/p>\n<p>Les Russes disent avoir abattu 129 drones ukrainiens cette nuit<\/p>\n<p>Les autorit\u00e9s russes disent avoir abattu 129 drones dans la nuit de lundi \u00e0 mardi. Selon le minist\u00e8re de la D\u00e9fense, six de ces drones ont \u00e9t\u00e9 d\u00e9truits au-dessus de la r\u00e9gion de Tver, dont le chef-lieu du m\u00eame nom se situe \u00e0 pr\u00e8s de 200 kilom\u00e8tres au nord-ouest de Moscou. D\u2019abord attribu\u00e9e \u00e0 un drone ukrainien, l\u2019explosion qui a fait un mort dans un immeuble de Tver, serait finalement due au gaz domestique.<\/p>\n<p>Bonjour, et bienvenue dans ce nous live<\/p>\n<p>Apr\u00e8s bient\u00f4t quatre ans de combats, et malgr\u00e9 les ambitions de Donald Trump, l\u2019hypoth\u00e8se d\u2019un plan de paix peine \u00e0 se contiser dans le conflit russo-ukrainien. Tractations diplomatiques, comme ce mardi \u00e0 Paris, d\u00e9clarations fracassantes et faits de guerre, la r\u00e9daction de 20 Minutes, vous fait vivre en direct les \u00e9v\u00e9nements en Ukraine.<\/p>\n","protected":false},"excerpt":{"rendered":"Zelensky et Witkoff d\u00e9jeunent \u00e0 la table de Macron Emmanuel Macron re\u00e7oit son homologue ukrainien Volodymyr Zelensky et&hellip;\n","protected":false},"author":2,"featured_media":644539,"comment_status":"","ping_status":"","sticky":false,"template":"","format":"standard","meta":{"footnotes":""},"categories":[1590],"tags":[47,11,75,1073,73,1777,674,131,74,12,132,220,135,134],"class_list":{"0":"post-644538","1":"post","2":"type-post","3":"status-publish","4":"format-standard","5":"has-post-thumbnail","7":"category-ukraine","8":"tag-actualite","9":"tag-actualites","10":"tag-donald-trump","11":"tag-emmanuel-macron","12":"tag-etats-unis","13":"tag-eu","14":"tag-europe","15":"tag-guerre-en-ukraine","16":"tag-monde","17":"tag-news","18":"tag-russie","19":"tag-ukraine","20":"tag-vladimir-poutine","21":"tag-volodymyr-zelensky"},"share_on_mastodon":{"url":"https:\/\/pubeurope.com\/@fr\/115847701678983635","error":""},"_links":{"self":[{"href":"https:\/\/www.europesays.com\/fr\/wp-json\/wp\/v2\/posts\/644538","targetHints":{"allow":["GET"]}}],"collection":[{"href":"https:\/\/www.europesays.com\/fr\/wp-json\/wp\/v2\/posts"}],"about":[{"href":"https:\/\/www.europesays.com\/fr\/wp-json\/wp\/v2\/types\/post"}],"author":[{"embeddable":true,"href":"https:\/\/www.europesays.com\/fr\/wp-json\/wp\/v2\/users\/2"}],"replies":[{"embeddable":true,"href":"https:\/\/www.europesays.com\/fr\/wp-json\/wp\/v2\/comments?post=644538"}],"version-history":[{"count":0,"href":"https:\/\/www.europesays.com\/fr\/wp-json\/wp\/v2\/posts\/644538\/revisions"}],"wp:featuredmedia":[{"embeddable":true,"href":"https:\/\/www.europesays.com\/fr\/wp-json\/wp\/v2\/media\/644539"}],"wp:attachment":[{"href":"https:\/\/www.europesays.com\/fr\/wp-json\/wp\/v2\/media?parent=644538"}],"wp:term":[{"taxonomy":"category","embeddable":true,"href":"https:\/\/www.europesays.com\/fr\/wp-json\/wp\/v2\/categories?post=644538"},{"taxonomy":"post_tag","embeddable":true,"href":"https:\/\/www.europesays.com\/fr\/wp-json\/wp\/v2\/tags?post=644538"}],"curies":[{"name":"wp","href":"https:\/\/api.w.org\/{rel}","templated":true}]}}