{"id":644544,"date":"2026-01-06T10:35:17","date_gmt":"2026-01-06T10:35:17","guid":{"rendered":"https:\/\/www.europesays.com\/fr\/644544\/"},"modified":"2026-01-06T10:35:17","modified_gmt":"2026-01-06T10:35:17","slug":"allemagne-le-pmi-composite-quasiment-en-ligne-avec-les-attentes-en-decembre","status":"publish","type":"post","link":"https:\/\/www.europesays.com\/fr\/644544\/","title":{"rendered":"Allemagne : le PMI Composite quasiment en ligne avec les attentes en d\u00e9cembre"},"content":{"rendered":"<p>                    En Allemagne, l&rsquo;indice des directeurs d&rsquo;achat (PMI) Composite de S&amp;P Global , qui prend en compte le secteur manufacturier et celui des services, est ressorti \u00e0 51,3 en d\u00e9cembre, contre 52,4 en novembre. Il \u00e9tait attendu \u00e0 51,5. Le PMI des services est pass\u00e9 de 53,1 \u00e0 52,7, contre un consensus de 52,6. <\/p>\n<p>Copyright (c) 2025 Zonebourse.com &#8211; All rights reserved.<\/p>\n","protected":false},"excerpt":{"rendered":"En Allemagne, l&rsquo;indice des directeurs d&rsquo;achat (PMI) Composite de S&amp;P Global , qui prend en compte le secteur&hellip;\n","protected":false},"author":2,"featured_media":2490,"comment_status":"","ping_status":"","sticky":false,"template":"","format":"standard","meta":{"footnotes":""},"categories":[1587],"tags":[11,672,340,1804,1805,1803,1777,674,1801,12,1802],"class_list":{"0":"post-644544","1":"post","2":"type-post","3":"status-publish","4":"format-standard","5":"has-post-thumbnail","7":"category-allemagne","8":"tag-actualites","9":"tag-allemagne","10":"tag-bourse","11":"tag-bundesrepublik-deutschland","12":"tag-de","13":"tag-deutschland","14":"tag-eu","15":"tag-europe","16":"tag-germany","17":"tag-news","18":"tag-republique-federale-dallemagne"},"share_on_mastodon":{"url":"https:\/\/pubeurope.com\/@fr\/115847713872858487","error":""},"_links":{"self":[{"href":"https:\/\/www.europesays.com\/fr\/wp-json\/wp\/v2\/posts\/644544","targetHints":{"allow":["GET"]}}],"collection":[{"href":"https:\/\/www.europesays.com\/fr\/wp-json\/wp\/v2\/posts"}],"about":[{"href":"https:\/\/www.europesays.com\/fr\/wp-json\/wp\/v2\/types\/post"}],"author":[{"embeddable":true,"href":"https:\/\/www.europesays.com\/fr\/wp-json\/wp\/v2\/users\/2"}],"replies":[{"embeddable":true,"href":"https:\/\/www.europesays.com\/fr\/wp-json\/wp\/v2\/comments?post=644544"}],"version-history":[{"count":0,"href":"https:\/\/www.europesays.com\/fr\/wp-json\/wp\/v2\/posts\/644544\/revisions"}],"wp:featuredmedia":[{"embeddable":true,"href":"https:\/\/www.europesays.com\/fr\/wp-json\/wp\/v2\/media\/2490"}],"wp:attachment":[{"href":"https:\/\/www.europesays.com\/fr\/wp-json\/wp\/v2\/media?parent=644544"}],"wp:term":[{"taxonomy":"category","embeddable":true,"href":"https:\/\/www.europesays.com\/fr\/wp-json\/wp\/v2\/categories?post=644544"},{"taxonomy":"post_tag","embeddable":true,"href":"https:\/\/www.europesays.com\/fr\/wp-json\/wp\/v2\/tags?post=644544"}],"curies":[{"name":"wp","href":"https:\/\/api.w.org\/{rel}","templated":true}]}}