{"id":644554,"date":"2026-01-06T10:43:09","date_gmt":"2026-01-06T10:43:09","guid":{"rendered":"https:\/\/www.europesays.com\/fr\/644554\/"},"modified":"2026-01-06T10:43:09","modified_gmt":"2026-01-06T10:43:09","slug":"le-toulousain-pierre-louis-barassi-tarde-a-recuperer-dune-commotion","status":"publish","type":"post","link":"https:\/\/www.europesays.com\/fr\/644554\/","title":{"rendered":"le Toulousain Pierre-Louis Barassi tarde \u00e0 r\u00e9cup\u00e9rer d\u2019une commotion"},"content":{"rendered":"<p>\n    Victime d\u2019un choc \u00e0 la t\u00eate mi-novembre lors de France-Fidji, le centre des champions de France est toujours sous surveillance pr\u00e8s de deux mois plus tard.<\/p>\n<p class=\"fig-paragraph\">Pr\u00e8s de deux mois qu\u2019il n\u2019a pas rejou\u00e9. Le 15 novembre dernier, victime d\u2019un choc \u00e0 la t\u00eate d\u00e8s la 13e minute du test-match entre le XV de France et les Fidji,\u00a0<a href=\"http:\/\/www.lefigaro.fr\/sports\/rugby\/xv-de-france\/xv-de-france-galthie-pessimiste-pour-barassi-de-l-espoir-pour-gailleton-20251116\" data-fig-type=\"NewsFlash\" data-gtm-custom-categorie=\"navigation\" data-gtm-custom-action=\"crossclick\" data-gtm-custom-label=\"Contextuel\" data-gtm-event=\"customEventSPE\" data-fig-domain=\"LEFIGARO\" target=\"_blank\" rel=\"noopener\">Pierre-Louis Barassi n\u2019avait pas satisfait au protocole commotion<\/a>, contraint de d\u00e9clarer forfait pour l\u2019\u00e9pilogue de la tourn\u00e9e face \u00e0 l\u2019Australie.<\/p>\n<p class=\"fig-paragraph\">Un choc s\u00e9rieux puisque le trois-quarts centre du Stade Toulousain (27 ans, 10 s\u00e9lections) avait d\u00fb patienter jusqu\u2019au 15 d\u00e9cembre avant d\u2019obtenir le feu vert m\u00e9dical pour reprendre l\u2019entra\u00eenement.<\/p>\n<p>                                            <a class=\"fig-a11y-skip\" href=\"#fig-a11y-skip-main-inarticle\" data-module=\"a11y-skip\" data-context=\"was @visible\"><br \/>\n    Passer la publicit\u00e9<br \/>\n<\/a>            <\/p>\n<p>                                            \u00abSurveillance toute particuli\u00e8re\u00bb<\/p>\n<p class=\"fig-paragraph\">Une reprise qui ne se passe pas comme esp\u00e9r\u00e9e. Ses sensations n\u2019\u00e9tant pas jug\u00e9es satisfaisantes, Barassi a rapidement \u00e9t\u00e9 de nouveau mis au repos. Ce lundi, il n\u2019\u00e9tait ainsi pas pr\u00e9sent \u00e0 l\u2019entra\u00eenement du Stade Toulousain qui se pr\u00e9pare au choc aux Saracens, dimanche, pour le compte de la 3e journ\u00e9e de Champions Cup. Un forfait semble plus que probable.<\/p>\n<p class=\"fig-paragraph\">Selon le site ActuRugby, le joueur fait en effet toujours l\u2019objet d\u2019une \u00absurveillance toute particuli\u00e8re\u00bb. Pour rappel, le 5 mars dernier, Pierre-Louis Barassi avait d\u00e9j\u00e0 subi une s\u00e9v\u00e8re commotion cons\u00e9cutive \u00e0 un impact \u00e0 la t\u00eate lors d\u2019Irlande-France dans le Tournoi des six nations.<\/p>\n","protected":false},"excerpt":{"rendered":"Victime d\u2019un choc \u00e0 la t\u00eate mi-novembre lors de France-Fidji, le centre des champions de France est toujours&hellip;\n","protected":false},"author":2,"featured_media":644555,"comment_status":"","ping_status":"","sticky":false,"template":"","format":"standard","meta":{"footnotes":""},"categories":[1416],"tags":[1011,27,479,1468,60,476,513],"class_list":{"0":"post-644554","1":"post","2":"type-post","3":"status-publish","4":"format-standard","5":"has-post-thumbnail","7":"category-rugby","8":"tag-fr","9":"tag-france","10":"tag-rugby","11":"tag-rugby-football","12":"tag-sports","13":"tag-stade-toulousain","14":"tag-xv-de-france"},"share_on_mastodon":{"url":"https:\/\/pubeurope.com\/@fr\/115847744957798101","error":""},"_links":{"self":[{"href":"https:\/\/www.europesays.com\/fr\/wp-json\/wp\/v2\/posts\/644554","targetHints":{"allow":["GET"]}}],"collection":[{"href":"https:\/\/www.europesays.com\/fr\/wp-json\/wp\/v2\/posts"}],"about":[{"href":"https:\/\/www.europesays.com\/fr\/wp-json\/wp\/v2\/types\/post"}],"author":[{"embeddable":true,"href":"https:\/\/www.europesays.com\/fr\/wp-json\/wp\/v2\/users\/2"}],"replies":[{"embeddable":true,"href":"https:\/\/www.europesays.com\/fr\/wp-json\/wp\/v2\/comments?post=644554"}],"version-history":[{"count":0,"href":"https:\/\/www.europesays.com\/fr\/wp-json\/wp\/v2\/posts\/644554\/revisions"}],"wp:featuredmedia":[{"embeddable":true,"href":"https:\/\/www.europesays.com\/fr\/wp-json\/wp\/v2\/media\/644555"}],"wp:attachment":[{"href":"https:\/\/www.europesays.com\/fr\/wp-json\/wp\/v2\/media?parent=644554"}],"wp:term":[{"taxonomy":"category","embeddable":true,"href":"https:\/\/www.europesays.com\/fr\/wp-json\/wp\/v2\/categories?post=644554"},{"taxonomy":"post_tag","embeddable":true,"href":"https:\/\/www.europesays.com\/fr\/wp-json\/wp\/v2\/tags?post=644554"}],"curies":[{"name":"wp","href":"https:\/\/api.w.org\/{rel}","templated":true}]}}