{"id":644562,"date":"2026-01-06T10:50:14","date_gmt":"2026-01-06T10:50:14","guid":{"rendered":"https:\/\/www.europesays.com\/fr\/644562\/"},"modified":"2026-01-06T10:50:14","modified_gmt":"2026-01-06T10:50:14","slug":"plutot-le-soir-jeanne-star-academy-revele-ce-trouble-partage-par-des-millions-de-francais-pas-vu-a-la-tele","status":"publish","type":"post","link":"https:\/\/www.europesays.com\/fr\/644562\/","title":{"rendered":"\u201cPlut\u00f4t le soir\u2026\u201d : Jeanne (Star Academy) r\u00e9v\u00e8le ce trouble partag\u00e9 par des millions de fran\u00e7ais, pas vu \u00e0 la t\u00e9l\u00e9"},"content":{"rendered":"<p>La <a href=\"https:\/\/www.closermag.fr\/tv_tele_realite\/star-academy-me-le-redemander-cet-objet-subtilise-par-melissa-avant-son-elimination-3609710\" target=\"_blank\" rel=\"noopener\"><br \/>\nStar Academy<\/a> n&rsquo;est pas qu&rsquo;un long fleuve tranquille. Certes, au<br \/>\ncours de l&rsquo;aventure, les \u00e9l\u00e8ves peuvent acc\u00e9der \u00e0 d&rsquo;excellentes<br \/>\nformations aupr\u00e8s d&rsquo;excellent professeurs tels que Jonathan<br \/>\nJenvrin, <a href=\"https:\/\/www.closermag.fr\/tv_tele_realite\/star-academy-au-revoir-marlene-schaff-en-deuil-cette-terrible-perte-le-jour-du-reveillon-3609747\" target=\"_blank\" rel=\"noopener\"><br \/>\nMarl\u00e8ne Schaff<\/a>, ou Lucile Bernardoni. Ils gagnent aussi en<br \/>\nvisibilit\u00e9, en notori\u00e9t\u00e9, et en comp\u00e9tences. Mais le rythme n&rsquo;en<br \/>\ndemeure pas moins \u00e9puisant.<\/p>\n<p>Ce n&rsquo;est pas Jeanne, \u00e9limin\u00e9e aux (presque) portes de la finale,<br \/>\nqui dira le contraire. Alors que <strong>Ambre (immunis\u00e9e), Victor,<br \/>\nBastiaan, Th\u00e9o, Sarah, L\u00e9a et Anouk sont toujours en lice<\/strong>,<br \/>\nl&rsquo;interpr\u00e8te de Respire fort est venue parler de son<br \/>\naventure dans Quotidien. Aupr\u00e8s de Yann Barth\u00e8s, elle a<br \/>\nr\u00e9v\u00e9l\u00e9 un trouble partag\u00e9 avec des millions de fran\u00e7ais.<\/p>\n<p>Jeanne (Star Academy) dans Quotidien : \u00ab\u00a0C&rsquo;\u00e9tait<br \/>\ncompliqu\u00e9\u00a0\u00bb<\/p>\n<p>Alors que la jeune femme, dont le single a explos\u00e9 pendant son<br \/>\ns\u00e9jour au Ch\u00e2teau de Dammarie-les-Lys, paraissait vivre sa<br \/>\nmeilleure aventure, <strong>elle a r\u00e9v\u00e9l\u00e9 des coulisses plus<br \/>\nsombres<\/strong>. En fait, une fois la nuit tomb\u00e9e, elle \u00e9tait<br \/>\nparfois victime d&rsquo;anxi\u00e9t\u00e9. \u00ab\u00a0C&rsquo;\u00e9tait compliqu\u00e9. J&rsquo;ai tenu bon au<br \/>\nd\u00e9but. Puis c&rsquo;est vrai qu&rsquo;avec la fatigue, et tout, <strong>c&rsquo;est<br \/>\nquand m\u00eame intense,<\/strong> m\u00eame si on vit des \u00e9motions positives,<br \/>\nles n\u00e9gatifs sont tr\u00e8s n\u00e9gatifs\u00a0\u00bb, a-t-elle assum\u00e9.<\/p>\n<p>Ainsi, parfois, <strong>entre r\u00e9p\u00e9titions, manque de sommeil, et<br \/>\nsurveillance permanente des cam\u00e9ras<\/strong>, <a href=\"https:\/\/www.closermag.fr\/people\/star-academy-cetait-long-les-douces-confidences-de-jeanne-sur-ses-retrouvailles-avec-leo-3608563\" target=\"_blank\" rel=\"noopener\"><br \/>\nJeanne craquait<\/a>. \u00ab\u00a0C&rsquo;est [les crises d&rsquo;angoisses] arriv\u00e9<br \/>\nvers la fin\u00a0\u00bb, a-t-elle aussi confi\u00e9 \u00e0 Yann Barth\u00e8s. \u00ab\u00a0Et<br \/>\ncomment on g\u00e8re \u00e7a \u00e0 la t\u00e9l\u00e9 ?\u00a0\u00bb a cherch\u00e9 \u00e0 savoir le<br \/>\npr\u00e9sentateur. \u00ab\u00a0Alors, j&rsquo;ai de la chance, \u00e7a arrive plut\u00f4t le<br \/>\nsoir, donc ce n&rsquo;\u00e9tait pas forc\u00e9ment diffus\u00e9, mais j&rsquo;\u00e9tais tr\u00e8s bien<br \/>\nentour\u00e9e, et avec les copains, donc voil\u00e0, c&rsquo;est pass\u00e9 un peu<br \/>\ninaper\u00e7u !\u00a0\u00bb a encore expliqu\u00e9 Jeanne, sous le regard<br \/>\nbienveillant de Th\u00e9o P. et de M\u00e9lissa, \u00e9galement invit\u00e9s de<br \/>\nl&rsquo;\u00e9mission.<\/p>\n<p>Plusieurs candidates abordent le stress<br \/>\net la pression au Ch\u00e2teau (et apr\u00e8s)<\/p>\n<p>Jeanne n&rsquo;est pas la premi\u00e8re \u00e9l\u00e8ve \u00e0 parler des<br \/>\n<strong>conditions de pression de la Star Academy<\/strong>. \u00ab\u00a0Il<br \/>\ny a beaucoup de fatigue, de tension et de stress\u00a0\u00bb, avait<br \/>\nconfi\u00e9 Ambre face cam\u00e9ra quelques jours plus t\u00f4t.<\/p>\n<p>Apr\u00e8s l&rsquo;aventure, <a href=\"https:\/\/www.closermag.fr\/people\/helena-bailly-star-academy-les-rumeurs-avec-pierre-garnier-cest-denigrant-3527019\" target=\"_blank\" rel=\"noopener\"><br \/>\nHelena Bailly<\/a> s&rsquo;\u00e9tait aussi livr\u00e9e sans d\u00e9tours sur l&rsquo;apr\u00e8s<br \/>\naventure parfois difficile. Entre <strong>crises d&rsquo;angoisse et<br \/>\ncrises de larmes,<\/strong> elle avait lev\u00e9 le voile sur un tabou.<br \/>\nEt r\u00e9v\u00e9l\u00e9 une r\u00e9alit\u00e9 exigeante, parfois brutale, loin des strass<br \/>\net des paillettes.<\/p>\n","protected":false},"excerpt":{"rendered":"La Star Academy n&rsquo;est pas qu&rsquo;un long fleuve tranquille. Certes, au cours de l&rsquo;aventure, les \u00e9l\u00e8ves peuvent acc\u00e9der&hellip;\n","protected":false},"author":2,"featured_media":644563,"comment_status":"","ping_status":"","sticky":false,"template":"","format":"standard","meta":{"footnotes":""},"categories":[1359],"tags":[21303,58,59,1011,27,70426,973,5095,65861],"class_list":{"0":"post-644562","1":"post","2":"type-post","3":"status-publish","4":"format-standard","5":"has-post-thumbnail","7":"category-people","8":"tag-buzz_nonli","9":"tag-divertissement","10":"tag-entertainment","11":"tag-fr","12":"tag-france","13":"tag-marfeel_news","14":"tag-people","15":"tag-star-academy","16":"tag-trend"},"share_on_mastodon":{"url":"https:\/\/pubeurope.com\/@fr\/115847772445665942","error":""},"_links":{"self":[{"href":"https:\/\/www.europesays.com\/fr\/wp-json\/wp\/v2\/posts\/644562","targetHints":{"allow":["GET"]}}],"collection":[{"href":"https:\/\/www.europesays.com\/fr\/wp-json\/wp\/v2\/posts"}],"about":[{"href":"https:\/\/www.europesays.com\/fr\/wp-json\/wp\/v2\/types\/post"}],"author":[{"embeddable":true,"href":"https:\/\/www.europesays.com\/fr\/wp-json\/wp\/v2\/users\/2"}],"replies":[{"embeddable":true,"href":"https:\/\/www.europesays.com\/fr\/wp-json\/wp\/v2\/comments?post=644562"}],"version-history":[{"count":0,"href":"https:\/\/www.europesays.com\/fr\/wp-json\/wp\/v2\/posts\/644562\/revisions"}],"wp:featuredmedia":[{"embeddable":true,"href":"https:\/\/www.europesays.com\/fr\/wp-json\/wp\/v2\/media\/644563"}],"wp:attachment":[{"href":"https:\/\/www.europesays.com\/fr\/wp-json\/wp\/v2\/media?parent=644562"}],"wp:term":[{"taxonomy":"category","embeddable":true,"href":"https:\/\/www.europesays.com\/fr\/wp-json\/wp\/v2\/categories?post=644562"},{"taxonomy":"post_tag","embeddable":true,"href":"https:\/\/www.europesays.com\/fr\/wp-json\/wp\/v2\/tags?post=644562"}],"curies":[{"name":"wp","href":"https:\/\/api.w.org\/{rel}","templated":true}]}}