{"id":644566,"date":"2026-01-06T10:53:19","date_gmt":"2026-01-06T10:53:19","guid":{"rendered":"https:\/\/www.europesays.com\/fr\/644566\/"},"modified":"2026-01-06T10:53:19","modified_gmt":"2026-01-06T10:53:19","slug":"audiences-quel-score-pour-le-lancement-de-mitterrand-confidentiel-la-mini-serie-evenement-de-france-2-avec-denis-podalydes","status":"publish","type":"post","link":"https:\/\/www.europesays.com\/fr\/644566\/","title":{"rendered":"Audiences : Quel score pour le lancement de \u00ab\u00a0Mitterrand confidentiel\u00a0\u00bb, la mini-s\u00e9rie \u00e9v\u00e9nement de France 2 avec Denis Podalyd\u00e8s ?"},"content":{"rendered":"<p>                <img loading=\"lazy\" decoding=\"async\" src=\"https:\/\/www.europesays.com\/fr\/wp-content\/uploads\/2025\/04\/89-665d8e735540a-35x35-1.jpg\" class=\"author-article-picture\" width=\"35\" height=\"35\"\/><\/p>\n<p>                    Par<\/p>\n<p>                                            <a class=\"author-article-bio-link\" href=\"https:\/\/www.ozap.com\/auteur\/lea-stassinet_a89\" target=\"_blank\" rel=\"noopener\">L\u00e9a Stassinet<\/a><\/p>\n<p>                    |<\/p>\n<p>                                            Journaliste<\/p>\n<p>\n                Venue du royaume d'\u00a0\u00bbIntervilles\u00a0\u00bb (Mont-de-Marsan), L\u00e9a Stassinet a \u00e9t\u00e9 berc\u00e9e par la \u00ab\u00a0Nouvelle Star\u00a0\u00bb. Elle ne rate jamais les C\u00e9sar ni l\u2019Eurovision, synonymes de soir\u00e9e pronostics entre amis. Passionn\u00e9e de tennis et de politique, elle suit toutes les soir\u00e9es \u00e9lectorales, sauf pendant Roland-Garros.\n            <\/p>\n<p>\n    \u00ab\u00a0Le gendre de ma vie\u00a0\u00bb, \u00ab\u00a0Mitterrand confidentiel\u00a0\u00bb, \u00ab\u00a0Les apparences\u00a0\u00bb, \u00ab\u00a0Cauchemar en cuisine\u00a0\u00bb&#8230; Les audiences de la soir\u00e9e du lundi 5 janvier 2026.\n<\/p>\n<p>                            <img loading=\"lazy\" decoding=\"async\" class=\"player-thumbnail\" src=\"https:\/\/www.europesays.com\/fr\/wp-content\/uploads\/2026\/01\/8d459fbcce68dd46-580x326-1.jpg\" width=\"580\" height=\"326\"\/><\/p>\n<p>                            Comment sont mesur\u00e9es les audiences t\u00e9l\u00e9 ?<\/p>\n<p>La suite apr\u00e8s la publicit\u00e9<\/p>\n<p>                            <img decoding=\"async\" class=\"article-audience-img\" src=\"https:\/\/www.europesays.com\/fr\/wp-content\/uploads\/2025\/04\/1.jpg\" alt=\"TF1\"\/><\/p>\n<p>\n                    LE GENDRE DE MA VIE<br \/>\n                    FILM\n                <\/p>\n<p>\n                    2 334 000 t\u00e9l\u00e9spectateurs\n                <\/p>\n<p>                            <img decoding=\"async\" class=\"article-audience-img\" src=\"https:\/\/www.europesays.com\/fr\/wp-content\/uploads\/2025\/04\/3.jpg\" alt=\"France 3\"\/><\/p>\n<p>\n                    LES APPARENCES<br \/>\n                    FILM\n                <\/p>\n<p>\n                    1 982 000 t\u00e9l\u00e9spectateurs\n                <\/p>\n<p>                            <img decoding=\"async\" class=\"article-audience-img\" src=\"https:\/\/www.europesays.com\/fr\/wp-content\/uploads\/2025\/04\/6.jpg\" alt=\"M6\"\/><\/p>\n<p>\n                    CAUCHEMAR EN CUISINE \\ BEUSSENT<br \/>\n                    DOCUMENTAIRE\n                <\/p>\n<p>\n                    2 021 000 t\u00e9l\u00e9spectateurs\n                <\/p>\n<p>                            <img decoding=\"async\" class=\"article-audience-img\" src=\"https:\/\/www.europesays.com\/fr\/wp-content\/uploads\/2025\/04\/2.jpg\" alt=\"France 2\"\/><\/p>\n<p>\n                    MITTERRAND CONFIDENTIEL \\ EPISODE PILOTE<br \/>\n                    SERIE\n                <\/p>\n<p>\n                    2 001 000 t\u00e9l\u00e9spectateurs\n                <\/p>\n<p>                            <img decoding=\"async\" class=\"article-audience-img\" src=\"https:\/\/www.europesays.com\/fr\/wp-content\/uploads\/2025\/04\/336.jpg\" alt=\"W9\"\/><\/p>\n<p>\n                    INSAISISSABLES<br \/>\n                    FILM\n                <\/p>\n<p>\n                    700 000 t\u00e9l\u00e9spectateurs\n                <\/p>\n<p>    M\u00e9diam\u00e9trie &#8211; M\u00e9diamat ; reproduction interdite, tous droits r\u00e9serv\u00e9s par M\u00e9diam\u00e9trie<\/p>\n<p>Ce lundi 5 janvier 2026, c&rsquo;est TF1 qui s&rsquo;est class\u00e9e en t\u00eate des audiences avec \u00ab\u00a0Le gendre de ma vie\u00a0\u00bb, com\u00e9die r\u00e9alis\u00e9e par Fran\u00e7ois Desagnat sortie en 2018. Le film dans lequel on retrouve Kad Merad, Julie Gayet ou encore Guillaume Labb\u00e9 et Chlo\u00e9 Jouannet a fait rire <strong>2,33 millions <\/strong>de t\u00e9l\u00e9spectateurs. <strong>14,2% <\/strong>de l&rsquo;ensemble du public et<strong> 18,6%<\/strong> des Femmes responsables des achats \u00e2g\u00e9es de moins de 50 ans (FRDA-50) se sont divertis devant les p\u00e9rip\u00e9ties de St\u00e9phane, tellement d\u00e9\u00e7u de n&rsquo;avoir eu que des filles avec sa femme qu&rsquo;il s&rsquo;\u00e9prend de ses gendres.\u00a0<\/p>\n<p>Lors de sa premi\u00e8re diffusion le 18 d\u00e9cembre 2023, d\u00e9j\u00e0 sur TF1, il avait attir\u00e9 <a href=\"https:\/\/www.ozap.com\/actu\/audiences-le-gendre-de-ma-vie-avec-kad-merad-sur-tf1-a-t-il-reussi-a-battre-l-art-du-crime-sur-france-2\/640786\" target=\"_blank\" rel=\"noopener\">2,44 millions<\/a> de curieux, ce qui repr\u00e9sentait 13,3% de part d&rsquo;audience sur l&rsquo;ensemble du public et 22,2% de part de march\u00e9 sur les FRDA-50.<\/p>\n<p>M6 et \u00ab\u00a0Cauchemar en cuisine\u00a0\u00bb largement leaders sur les FRDA-50, d\u00e9ception pour \u00ab\u00a0Mitterrand confidentiel\u00a0\u00bb sur France 2<\/p>\n<p>M6 est deuxi\u00e8me avec un num\u00e9ro in\u00e9dit de \u00ab\u00a0Cauchemar en cuisine\u00a0\u00bb. La mission mouvement\u00e9e de Philippe Etchebest dans le restaurant de Betty et Romain \u00e0 Beussent, dans le Pas-de-Calais, a \u00e9t\u00e9 suivie par <strong>2,02 millions<\/strong> de t\u00e9l\u00e9spectateurs en premi\u00e8re partie de soir\u00e9e (21h15-22h01). <strong>11,0%<\/strong> du public \u00e2g\u00e9 de 4 ans et plus et <strong>24,3%<\/strong> des FRDA-50 se sont divertis devant <a href=\"https:\/\/www.ozap.com\/actu\/on-remballe-je-me-casse-furieux-philippe-etchebest-quitte-le-tournage-de-cauchemar-en-cuisine-sur-m6-apres-les-critiques-dune-restauratrice\/653128\" target=\"_blank\" rel=\"noopener\">les coups de gueule<\/a> \u00e0 r\u00e9p\u00e9tition du chef. Le d\u00e9nouement (22h08-22h59) a conserv\u00e9 l&rsquo;attention de<strong> 1,74 million<\/strong> d&rsquo;aficionados du programme, soit<strong> 11,6% <\/strong>du public et <strong>25,9%<\/strong> des FRDA-50. La cha\u00eene est largement leader sur cette cible. Le 10 octobre dernier, le pr\u00e9c\u00e9dent in\u00e9dit de la marque avait f\u00e9d\u00e9r\u00e9 <a href=\"https:\/\/www.ozap.com\/actu\/audiences-quelle-performance-pour-le-match-de-l-Equipe-de-france-face-a-l-azerbaidjan-hier-soir-sur-tf1\/651895\" target=\"_blank\" rel=\"noopener\">1,68 million<\/a> de t\u00e9l\u00e9spectateurs soit 8,8% de PDA sur l&rsquo;ensemble du public et 18,6% de PDA sur les FRDA-50 en premi\u00e8re partie, puis 1,12 million de t\u00e9l\u00e9spectateurs soit 7,0% de PDA sur l&rsquo;ensemble du public et 16,8% de PDA sur les FRDA-50 en 2e.<\/p>\n<p>\u00ab\u00a0Cauchemar en cuisine\u00a0\u00bb sur M6 : 4 mois apr\u00e8s le passage de Philippe Etchebest, que devient le restaurant de Betty et Romain \u00e0 Beussent ?<\/p>\n<p>France 3 suit avec sa case cin\u00e9ma. \u00ab\u00a0Les apparences\u00a0\u00bb, thriller sign\u00e9 Marc Fitoussi avec Benjamin Biolay et Karin Viard dans les r\u00f4les titres, a tenu en haleine <strong>1,98 million<\/strong> de t\u00e9l\u00e9spectateurs. Le drame psychologique a captiv\u00e9<strong> 11,9%<\/strong> du public pr\u00e9sent devant sa t\u00e9l\u00e9vision et <strong>2,8%<\/strong> des FRDA-50, cible non privil\u00e9gi\u00e9e par la Trois. Lors de sa premi\u00e8re diffusion en clair, le 18 septembre 2022, le long-m\u00e9trage sorti au cin\u00e9ma en 2020 avait intrigu\u00e9 <a href=\"https:\/\/www.ozap.com\/actu\/audiences-quel-score-pour-la-finale-de-l-eurobasket-sur-m6\/621469\" target=\"_blank\" rel=\"noopener\">3,11 millions<\/a> de cin\u00e9philes, soit 15,1% du public et 10,1% des FRDA-50.<\/p>\n<p>France 2 n&rsquo;est que quatri\u00e8me avec le lancement de <a href=\"https:\/\/www.ozap.com\/actu\/mitterrand-confidentiel-la-famille-de-l-ancien-president-de-la-republique-a-t-elle-ete-consultee-pour-la-serie-de-france-2\/653124\" target=\"_blank\" rel=\"noopener\">\u00ab\u00a0Mitterrand confidentiel\u00a0\u00bb<\/a>, sa nouvelle mini-s\u00e9rie \u00e9v\u00e9n\u00e9ment. Les deux premiers \u00e9pisodes de la fiction port\u00e9e par Denis Podalyd\u00e8s et dans laquelle on retrouve \u00e0 ses c\u00f4t\u00e9s Val\u00e9rie Karsenti, Judith Chemla ou encore Marie Denarnaud, ont f\u00e9d\u00e9r\u00e9 <strong>1,83 million<\/strong> de t\u00e9l\u00e9spectateurs en moyenne entre 21h10 et 22h55. Cela \u00e9quivaut \u00e0 <strong>10,9%<\/strong> des individus \u00e2g\u00e9s de 4 ans et plus et <strong>5,1% <\/strong>des FRDA-50. A titre indicatif, le lancement de la pr\u00e9c\u00e9dente s\u00e9rie politique de France 2, <a href=\"https:\/\/www.ozap.com\/actu\/dans-l-ombre-la-nouvelle-serie-politique-de-france-2-s-inspire-t-elle-de-personnages-reels\/647410\" target=\"_blank\" rel=\"noopener\">\u00ab\u00a0Dans l&rsquo;ombre\u00a0\u00bb<\/a>, le 30 octobre 2024, avait r\u00e9uni <a href=\"https:\/\/www.ozap.com\/actu\/audiences-la-france-a-un-incroyable-talent-a-t-elle-confirme-son-bon-lancement-sur-m6-face-aux-debuts-de-la-serie-evenement-de-france-2-dans-lombre\/647413\" target=\"_blank\" rel=\"noopener\">2,07 millions<\/a> de curieux. La fiction avec Melvil Poupaud, Swann Arlaud et Karin Viard au casting avait rassembl\u00e9 11,1% du public et 2,4% des FRDA-50.<\/p>\n<p>                            <img decoding=\"async\" class=\"article-audience-img\" src=\"https:\/\/www.europesays.com\/fr\/wp-content\/uploads\/2025\/04\/534.jpg\" alt=\"France 5\"\/><\/p>\n<p>\n                    LES TRESORS DES FAVORITES DES ROIS DE FRANCE<br \/>\n                    DOCUMENTAIRE\n                <\/p>\n<p>\n                    792 000 t\u00e9l\u00e9spectateurs\n                <\/p>\n<p>                            <img decoding=\"async\" class=\"article-audience-img\" src=\"https:\/\/www.europesays.com\/fr\/wp-content\/uploads\/2025\/04\/13.jpg\" alt=\"TMC\"\/><\/p>\n<p>\n                    EXPENDABLES UNITE SPECIALE<br \/>\n                    FILM\n                <\/p>\n<p>\n                    681 000 t\u00e9l\u00e9spectateurs\n                <\/p>\n<p>                            <img decoding=\"async\" class=\"article-audience-img\" src=\"https:\/\/www.europesays.com\/fr\/wp-content\/uploads\/2025\/04\/533.jpg\" alt=\"Arte\"\/><\/p>\n<p>\n                    LES CHOSES DE LA VIE<br \/>\n                    FILM\n                <\/p>\n<p>\n                    648 000 t\u00e9l\u00e9spectateurs\n                <\/p>\n<p>                            <img decoding=\"async\" class=\"article-audience-img\" src=\"https:\/\/www.europesays.com\/fr\/wp-content\/uploads\/2025\/04\/723.jpg\" alt=\"TF1 Series Film\"\/><\/p>\n<p>\n                    JUSTICE LEAGUE<br \/>\n                    FILM\n                <\/p>\n<p>\n                    380 000 t\u00e9l\u00e9spectateurs\n                <\/p>\n<p>                            <img decoding=\"async\" class=\"article-audience-img\" src=\"https:\/\/www.europesays.com\/fr\/wp-content\/uploads\/2025\/04\/43.jpg\" alt=\"TFX\"\/><\/p>\n<p>\n                    APPELS D&rsquo;URGENCE \\ GENDARMES, POMPIERS, SECOURISTES<br \/>\n                    MAGAZINE\n                <\/p>\n<p>\n                    346 000 t\u00e9l\u00e9spectateurs\n                <\/p>\n<p>                            <img decoding=\"async\" class=\"article-audience-img\" src=\"https:\/\/www.europesays.com\/fr\/wp-content\/uploads\/2025\/04\/725.jpg\" alt=\"6ter\"\/><\/p>\n<p>\n                    KAAMELOTT L&rsquo;INTEGRAAL<br \/>\n                    HUMOUR\n                <\/p>\n<p>\n                    299 000 t\u00e9l\u00e9spectateurs\n                <\/p>\n<p>                            <img decoding=\"async\" class=\"article-audience-img\" src=\"https:\/\/www.europesays.com\/fr\/wp-content\/uploads\/2025\/04\/726.jpg\" alt=\"RMC Story\"\/><\/p>\n<p>\n                    THE CLOSER : L.A. ENQUETES PRIORITAIRES \\ PERDUE DE VUE<br \/>\n                    SERIE\n                <\/p>\n<p>\n                    357 000 t\u00e9l\u00e9spectateurs\n                <\/p>\n<p>                            <img decoding=\"async\" class=\"article-audience-img\" src=\"https:\/\/www.europesays.com\/fr\/wp-content\/uploads\/2025\/04\/727.jpg\" alt=\"RMC D\u00e9couverte\"\/><\/p>\n<p>\n                    APOLLO 11 : LES FICHIERS OUBLIES<br \/>\n                    DOCUMENTAIRE\n                <\/p>\n<p>\n                    274 000 t\u00e9l\u00e9spectateurs\n                <\/p>\n<p>                            <img decoding=\"async\" class=\"article-audience-img\" src=\"https:\/\/www.europesays.com\/fr\/wp-content\/uploads\/2025\/10\/728.jpg\" alt=\"RMC Life\"\/><\/p>\n<p>\n                    CRIMES<br \/>\n                    MAGAZINE\n                <\/p>\n<p>\n                    249 000 t\u00e9l\u00e9spectateurs\n                <\/p>\n<p>                            <img decoding=\"async\" class=\"article-audience-img\" src=\"https:\/\/www.europesays.com\/fr\/wp-content\/uploads\/2025\/04\/532.jpg\" alt=\"Gulli\"\/><\/p>\n<p>\n                    MURIEL<br \/>\n                    FILM\n                <\/p>\n<p>\n                    243 000 t\u00e9l\u00e9spectateurs\n                <\/p>\n<p>                            <img decoding=\"async\" class=\"article-audience-img\" src=\"https:\/\/www.europesays.com\/fr\/wp-content\/uploads\/2025\/04\/499.jpg\" alt=\"CSTAR\"\/><\/p>\n<p>\n                    OLIVIER DE BENOIST &#8211; LE PETIT DERNIER<br \/>\n                    HUMOUR\n                <\/p>\n<p>\n                    229 000 t\u00e9l\u00e9spectateurs\n                <\/p>\n<p>                            <img decoding=\"async\" class=\"article-audience-img\" src=\"https:\/\/www.europesays.com\/fr\/wp-content\/uploads\/2025\/04\/4.jpg\" alt=\"Canal+\"\/><\/p>\n<p>\n                    EMISSIONS CRYPTEES<br \/>\n                    AUTRES\n                <\/p>\n<p>\n                    9 000 t\u00e9l\u00e9spectateurs\n                <\/p>\n<p>    M\u00e9diam\u00e9trie &#8211; M\u00e9diamat ; reproduction interdite, tous droits r\u00e9serv\u00e9s par M\u00e9diam\u00e9trie<\/p>\n<p>Dans le reste de l&rsquo;offre en prime, France 5 tire son \u00e9pingle du jeu avec son documentaire \u00ab\u00a0Les tr\u00e9sors des favorites des rois de France\u00a0\u00bb. Diffus\u00e9 pour la premi\u00e8re fois, le film de Nathalie Conscience a int\u00e9ress\u00e9 <strong>792.000<\/strong> f\u00e9rus d&rsquo;histoire, soit <strong>4,5%<\/strong> du public \u00e2g\u00e9 de 4 ans et plus et <strong>1,8%<\/strong> des FRDA-50.<\/p>\n","protected":false},"excerpt":{"rendered":"Par L\u00e9a Stassinet | Journaliste Venue du royaume d&rsquo;\u00a0\u00bbIntervilles\u00a0\u00bb (Mont-de-Marsan), L\u00e9a Stassinet a \u00e9t\u00e9 berc\u00e9e par la \u00ab\u00a0Nouvelle&hellip;\n","protected":false},"author":2,"featured_media":644567,"comment_status":"","ping_status":"","sticky":false,"template":"","format":"standard","meta":{"footnotes":""},"categories":[1356],"tags":[58,59,1011,27,252,1364],"class_list":{"0":"post-644566","1":"post","2":"type-post","3":"status-publish","4":"format-standard","5":"has-post-thumbnail","7":"category-television","8":"tag-divertissement","9":"tag-entertainment","10":"tag-fr","11":"tag-france","12":"tag-television","13":"tag-tv"},"share_on_mastodon":{"url":"https:\/\/pubeurope.com\/@fr\/115847785174868632","error":""},"_links":{"self":[{"href":"https:\/\/www.europesays.com\/fr\/wp-json\/wp\/v2\/posts\/644566","targetHints":{"allow":["GET"]}}],"collection":[{"href":"https:\/\/www.europesays.com\/fr\/wp-json\/wp\/v2\/posts"}],"about":[{"href":"https:\/\/www.europesays.com\/fr\/wp-json\/wp\/v2\/types\/post"}],"author":[{"embeddable":true,"href":"https:\/\/www.europesays.com\/fr\/wp-json\/wp\/v2\/users\/2"}],"replies":[{"embeddable":true,"href":"https:\/\/www.europesays.com\/fr\/wp-json\/wp\/v2\/comments?post=644566"}],"version-history":[{"count":0,"href":"https:\/\/www.europesays.com\/fr\/wp-json\/wp\/v2\/posts\/644566\/revisions"}],"wp:featuredmedia":[{"embeddable":true,"href":"https:\/\/www.europesays.com\/fr\/wp-json\/wp\/v2\/media\/644567"}],"wp:attachment":[{"href":"https:\/\/www.europesays.com\/fr\/wp-json\/wp\/v2\/media?parent=644566"}],"wp:term":[{"taxonomy":"category","embeddable":true,"href":"https:\/\/www.europesays.com\/fr\/wp-json\/wp\/v2\/categories?post=644566"},{"taxonomy":"post_tag","embeddable":true,"href":"https:\/\/www.europesays.com\/fr\/wp-json\/wp\/v2\/tags?post=644566"}],"curies":[{"name":"wp","href":"https:\/\/api.w.org\/{rel}","templated":true}]}}