{"id":644570,"date":"2026-01-06T10:55:13","date_gmt":"2026-01-06T10:55:13","guid":{"rendered":"https:\/\/www.europesays.com\/fr\/644570\/"},"modified":"2026-01-06T10:55:13","modified_gmt":"2026-01-06T10:55:13","slug":"10-films-a-revoir-pour-patienter-avant-la-saison-2-car-lattente-va-etre-longue","status":"publish","type":"post","link":"https:\/\/www.europesays.com\/fr\/644570\/","title":{"rendered":"10 films \u00e0 (re)voir pour patienter avant la saison 2 (car l&rsquo;attente va \u00eatre longue)"},"content":{"rendered":"<p><strong>La saison 2 de <a href=\"https:\/\/www.ecranlarge.com\/series\/wycaro-339\" data-type=\"series\" data-id=\"1288724\" target=\"_blank\" rel=\"noopener\">Pluribus<\/a> ne va pas arriver tout de suite si l\u2019on en croit <a href=\"https:\/\/www.ecranlarge.com\/personnalite\/654919-vince-gilligan\" data-type=\"people\" data-id=\"306831\" target=\"_blank\" rel=\"noopener\">Vince Gilligan<\/a>, alors il faut bien trouver des moyens de patienter jusque-l\u00e0.<\/strong><\/p>\n<p>C\u2019\u00e9tait l\u2019une des s\u00e9ries les plus attendues de 2025 puisqu\u2019elle signait le retour de Vince Gilligan, apr\u00e8s les cons\u00e9crations <strong>Breaking Bad <\/strong>et <strong>Better Call Saul<\/strong>, avec une nouvelle cr\u00e9ation originale : <strong>Pluribus <\/strong>a tenu son rang. En neuf \u00e9pisodes m\u00ealant la com\u00e9die absurde, le drame intime et la science-fiction, la s\u00e9rie <a href=\"https:\/\/www.ecranlarge.com\/personnalite\/1120526-apple-tv\" data-type=\"people\" data-id=\"804729\" target=\"_blank\" rel=\"noopener\">Apple TV<\/a> a \u00e9t\u00e9 un carton critique et public, devenant la s\u00e9rie la plus vue de la plateforme en 2025 (devant <strong>Severance<\/strong>, pourtant d\u00e9j\u00e0 terriblement pl\u00e9biscit\u00e9e).<\/p>\n<p>                    <img decoding=\"async\" alt=\"\" class=\"wp-image-518375\" style=\"object-fit:cover;width:25px;height:25px\" src=\"https:\/\/www.ecranlarge.com\/content\/uploads\/2023\/09\/arrow-right-circle.svg\"\/><\/p>\n<p>La s\u00e9rie a d\u2019ailleurs enfin permis \u00e0 <a href=\"https:\/\/www.ecranlarge.com\/personnalite\/985361-rhea-seehorn\" data-type=\"people\" data-id=\"476314\" target=\"_blank\" rel=\"noopener\">Rhea Seehorn<\/a> de recevoir quelques lauriers, puisqu\u2019elle a re\u00e7u le Critics Choice Awards de la meilleure actrice dans une s\u00e9rie dramatique, elle qui n\u2019avait jamais remport\u00e9 un troph\u00e9e pour son r\u00f4le dans <strong>Better Call Saul<\/strong>. Reste d\u00e9sormais \u00e0 attendre l\u2019arriv\u00e9e de la saison 2 qui n\u2019arrivera apparemment pas avant 2027 (oui, \u00e7a va \u00eatre long). On s\u2019est donc dit qu\u2019<strong>il fallait bien trouver un moyen de patienter et \u00e7a tombe bien, il y a une liste de dix films parfaite pour \u00e7a.<\/strong><\/p>\n<p><a href=\"https:\/\/www.ecranlarge.com\/content\/uploads\/2026\/01\/pluribus_photo_010903.jpg\" target=\"_blank\" rel=\"noopener\"><\/p>\n<p><img loading=\"lazy\" decoding=\"async\" alt=\"Karolina Wydra et Carlos Manuel Vesga dans Pluribus\" src=\"https:\/\/www.europesays.com\/fr\/wp-content\/uploads\/2026\/01\/pluribus_photo_010903-1260x840.jpg\" width=\"1260\" height=\"840\"  \/><\/p>\n<p><\/a>\u00ab\u00a0Bon alors, on lance le film ou pas ?\u00a0\u00bbpluri-films<\/p>\n<p>Pour la promotion de <strong>Pluribus<\/strong>, Vince Gilligan et Apple TV ont jou\u00e9 \u00e0 fond la carte du myst\u00e8re. Au fil des \u00e9pisodes, les enjeux de la s\u00e9rie se sont donc r\u00e9v\u00e9l\u00e9s petit \u00e0 petit, conservant de nombreux secrets et une belle dose de suspense. Cela \u00e9tant dit, le cr\u00e9ateur-sc\u00e9nariste-r\u00e9alisateur am\u00e9ricain a aussi \u00e9t\u00e9 bon joueur en donnant quelques cl\u00e9s aux spectateurs. En novembre dernier, il a ainsi d\u00e9voil\u00e9 les dix films qui l\u2019ont influenc\u00e9 pour <strong>Pluribus<\/strong> \u00e0 Letterboxd. Voici la liste :<\/p>\n<p><a href=\"https:\/\/www.ecranlarge.com\/content\/uploads\/2016\/12\/l-invasion-des-profanateurs-de-sepulture-photo-972152.jpg\" target=\"_blank\" rel=\"noopener\"><img loading=\"lazy\" decoding=\"async\" alt=\"L'Invasion des profanateurs de s\u00e9pulture : Photo\" class=\"wp-image-12695\" src=\"https:\/\/www.europesays.com\/fr\/wp-content\/uploads\/2026\/01\/l-invasion-des-profanateurs-de-sepulture-photo-972152-630x378.jpg\" width=\"630\" height=\"378\"  \/><\/a>L\u2019\u00e9vidence parmi les \u00e9vidences<\/p>\n<p>Apr\u00e8s le visionnage de la saison 1, cette liste de dix films para\u00eet assez \u00e9vidente, notamment la pr\u00e9sence de <strong>L\u2019invasion des profanateurs de s\u00e9pultures <\/strong>de Don Siegel vu l\u2019\u00e9volution de l\u2019humanit\u00e9 et son point de d\u00e9part extraterrestre. Pour le reste, il est intrigant de voir que derri\u00e8re quelques com\u00e9dies plus ou moins dramatiques \u2013 <strong>Rendez-vous au paradis<\/strong>, <strong>After Life<\/strong> et <strong>The Truman Show<\/strong> \u2013 et films de science-fiction (<strong>Le Survivant<\/strong>, <strong>Le Dernier Survivant<\/strong>, <strong>Invasion Los Angeles<\/strong>), c\u2019est finalement le genre horrifique qui semble surtout avoir inspir\u00e9 Vince Gilligan.<\/p>\n<p>                    <img decoding=\"async\" alt=\"\" class=\"wp-image-518375\" style=\"object-fit:cover;width:25px;height:25px\" src=\"https:\/\/www.ecranlarge.com\/content\/uploads\/2023\/09\/arrow-right-circle.svg\"\/><\/p>\n<p>John Carpenter en particulier est une grosse influence avec deux films (<strong>The Thing<\/strong> et<strong> Invasion Los Angeles<\/strong>), voire trois si l\u2019on compte <strong>Le village des damn\u00e9s<\/strong> puisque, m\u00eame si Gilligan cite la version originale, Carpenter en a r\u00e9alis\u00e9 un remake quasiment quarante ans plus tard. Enfin, bref, on est en v\u00e9rit\u00e9 tent\u00e9 d\u2019ajouter \u00e0 la liste chacune des \u0153uvres du cin\u00e9aste tant sa patte infuse <strong>Pluribus <\/strong>r\u00e9guli\u00e8rement (\u00e0 travers un plan, une id\u00e9e sc\u00e9naristique ou une atmosph\u00e8re). En tout cas, vu son importance, on ne serait pas \u00e9tonn\u00e9 que <strong>Pluribus <\/strong>prenne un tournant encore plus sombre et brutal dans le futur.<\/p>\n<p><a href=\"https:\/\/www.ecranlarge.com\/content\/uploads\/2018\/12\/le-village-des-damnes-photo-1047303.png\" target=\"_blank\" rel=\"noopener\"><\/p>\n<p><img loading=\"lazy\" decoding=\"async\" alt=\"Le Village des damn\u00e9s : photo\" src=\"https:\/\/www.europesays.com\/fr\/wp-content\/uploads\/2026\/01\/le-village-des-damnes-photo-1047303-630x426.png\" width=\"630\" height=\"426\"  \/><\/p>\n<p><\/a>\u00ab\u00a0Hi, Carol !\u00a0\u00bb<\/p>\n<p>                    <img decoding=\"async\" alt=\"\" class=\"wp-image-518375\" style=\"object-fit:cover;width:25px;height:25px\" src=\"https:\/\/www.ecranlarge.com\/content\/uploads\/2023\/09\/arrow-right-circle.svg\"\/><\/p>\n<p>D\u2019ici l\u00e0, on va se contenter de (re)voir ces dix films en boucle pour ne pas trop s\u2019attrister de la fin de la saison 1 de <strong>Pluribus<\/strong>. L\u2019attente risque d\u2019\u00eatre d\u2019autant plus longue que les derni\u00e8res secondes de l\u2019\u00e9pisode final nous ont clairement laiss\u00e9s sur un cliffhanger sonnant une r\u00e9volte qui s\u2019annonce explosive. M\u00eame si on d\u00e9bute seulement 2026, vivement 2027 donc !<\/p>\n","protected":false},"excerpt":{"rendered":"La saison 2 de Pluribus ne va pas arriver tout de suite si l\u2019on en croit Vince Gilligan,&hellip;\n","protected":false},"author":2,"featured_media":644571,"comment_status":"","ping_status":"","sticky":false,"template":"","format":"standard","meta":{"footnotes":""},"categories":[1354],"tags":[58,59,1346,1011,27,1360],"class_list":{"0":"post-644570","1":"post","2":"type-post","3":"status-publish","4":"format-standard","5":"has-post-thumbnail","7":"category-films","8":"tag-divertissement","9":"tag-entertainment","10":"tag-films","11":"tag-fr","12":"tag-france","13":"tag-movies"},"share_on_mastodon":{"url":"https:\/\/pubeurope.com\/@fr\/115847792521850659","error":""},"_links":{"self":[{"href":"https:\/\/www.europesays.com\/fr\/wp-json\/wp\/v2\/posts\/644570","targetHints":{"allow":["GET"]}}],"collection":[{"href":"https:\/\/www.europesays.com\/fr\/wp-json\/wp\/v2\/posts"}],"about":[{"href":"https:\/\/www.europesays.com\/fr\/wp-json\/wp\/v2\/types\/post"}],"author":[{"embeddable":true,"href":"https:\/\/www.europesays.com\/fr\/wp-json\/wp\/v2\/users\/2"}],"replies":[{"embeddable":true,"href":"https:\/\/www.europesays.com\/fr\/wp-json\/wp\/v2\/comments?post=644570"}],"version-history":[{"count":0,"href":"https:\/\/www.europesays.com\/fr\/wp-json\/wp\/v2\/posts\/644570\/revisions"}],"wp:featuredmedia":[{"embeddable":true,"href":"https:\/\/www.europesays.com\/fr\/wp-json\/wp\/v2\/media\/644571"}],"wp:attachment":[{"href":"https:\/\/www.europesays.com\/fr\/wp-json\/wp\/v2\/media?parent=644570"}],"wp:term":[{"taxonomy":"category","embeddable":true,"href":"https:\/\/www.europesays.com\/fr\/wp-json\/wp\/v2\/categories?post=644570"},{"taxonomy":"post_tag","embeddable":true,"href":"https:\/\/www.europesays.com\/fr\/wp-json\/wp\/v2\/tags?post=644570"}],"curies":[{"name":"wp","href":"https:\/\/api.w.org\/{rel}","templated":true}]}}