{"id":644576,"date":"2026-01-06T10:58:10","date_gmt":"2026-01-06T10:58:10","guid":{"rendered":"https:\/\/www.europesays.com\/fr\/644576\/"},"modified":"2026-01-06T10:58:10","modified_gmt":"2026-01-06T10:58:10","slug":"la-cause-de-la-mort-de-rebecca-la-femme-de-pierre-perret-revelee","status":"publish","type":"post","link":"https:\/\/www.europesays.com\/fr\/644576\/","title":{"rendered":"la cause de la mort de Rebecca, la femme de Pierre Perret, r\u00e9v\u00e9l\u00e9e"},"content":{"rendered":"<p class=\"intro\">Pierre Perret a perdu sa femme de toujours, Rebecca, d\u00e9c\u00e9d\u00e9e dans la nuit de samedi \u00e0 dimanche, \u00e0 l\u2019\u00e2ge de 88 ans. Dans une interview accord\u00e9e au \u00ab Parisien \u00bb, son ami Gilles Lecouty, son accord\u00e9oniste depuis des ann\u00e9es, a d\u00e9voil\u00e9 la cause de la mort. <\/p>\n<p><a href=\"https:\/\/www.parismatch.com\/People\/pierre-perret-face-a-la-mort-de-sa-femme-retour-en-images-sur-son-histoire-avec-rebecca-son-grand-amour-262439\" target=\"_blank\" rel=\"noopener\">Ils ne se quittaient pas depuis pr\u00e8s de soixante-dix ans.<\/a> Pierre Perret et Simone Mazaltarim &#8211; qu\u2019il appelait Rebecca -, se sont rencontr\u00e9s \u00e0 la fin des ann\u00e9es 1950. Il d\u00e9butait dans la chanson et venait de se faire rep\u00e9rer par Barclay, elle \u00e9tait secr\u00e9taire dans la maison de disques. \u00ab\u00a0Tout a commenc\u00e9 par une engueulade \u00e0 propos d\u2019un remboursement de billet d\u2019avion\u00a0\u00bb, racontait-il dans une interview accord\u00e9e \u00e0 <a href=\"https:\/\/www.parismatch.com\/Culture\/Musique\/Pierre-Perret-un-jeune-homme-de-80-ans-573343\" target=\"_blank\" rel=\"noopener\">Paris Match<\/a> en 2014. \u00ab\u00a0Ensuite, je l\u2019ai invit\u00e9e \u00e0 l\u2019un de mes tours de chant, \u00e0 La Colombe, et\u00a0elle est tomb\u00e9e sous le charme\u00a0!\u00a0\u00bb<\/p>\n<p>Pierre Perret et Rebecca &#8211; surnom qu\u2019il a choisi pour sa signification, \u00ab\u00a0se mettre en col\u00e8re\u00a0\u00bb, qui collait au caract\u00e8re de son \u00e9pouse &#8211; se sont install\u00e9s ensemble, presque imm\u00e9diatement. Ils se sont mari\u00e9s en 1962, ils ont eu trois enfants (Anne et Alain, n\u00e9s en 1962, et <a href=\"https:\/\/www.parismatch.com\/People\/le-drame-secret-de-pierre-perret-et-sa-femme-rebecca-la-mort-de-leur-fille-julie-262446\" target=\"_blank\" rel=\"noopener\">Julie, n\u00e9e en 1963 et morte \u00e0 32\u00a0ans, en 1995<\/a>) et ils ne se sont plus quitt\u00e9s. Mais, dans la nuit de samedi 3\u00a0janvier \u00e0 dimanche 4\u00a0janvier 2026, la mort les a s\u00e9par\u00e9s\u00a0: <a href=\"https:\/\/www.parismatch.com\/People\/pierre-perret-rebecca-son-epouse-depuis-plus-de-60-ans-est-morte-262432\" target=\"_blank\" rel=\"noopener\">Rebecca est morte \u00e0 l\u2019\u00e2ge de 88\u00a0ans<\/a>. Dans une interview accord\u00e9e au \u00ab\u00a0<a href=\"https:\/\/www.leparisien.fr\/culture-loisirs\/musique\/cetait-son-pilier-disparition-brutale-de-rebecca-la-femme-de-pierre-perret-depuis-soixante-ans-05-01-2026-7E6QKVLSABABNBYAYFGIHDY5EY.php\" target=\"_blank\" rel=\"noopener\">Parisien\u00a0<\/a>\u00bb, lundi 5\u00a0janvier, Gilles Lecouty, dit Gilou, ami et musicien de Pierre Perret, \u00ab\u00a0effondr\u00e9\u00a0\u00bb par le d\u00e9c\u00e8s de Rebecca, a d\u00e9voil\u00e9 les causes du d\u00e9c\u00e8s.<\/p>\n<p>    La suite apr\u00e8s cette publicit\u00e9<\/p>\n<p>\u00ab\u00a0Rebecca n\u2019\u00e9tait pas malade\u00a0\u00bb\u00a0: le drame qui lui a co\u00fbt\u00e9 la vie<\/p>\n<p>\u00ab\u00a0C\u2019est Pierre qui m\u2019a appel\u00e9 hier matin\u00a0\u00bb, a expliqu\u00e9 l\u2019accord\u00e9oniste. Et d\u2019ajouter\u00a0: \u00ab\u00a0Rebecca n\u2019\u00e9tait pas malade. Elle a fait une mauvaise chute dans des escaliers il y a une dizaine de jours\u2026\u00a0\u00bb Elle a fini par succomber. Un drame pour Pierre Perret\u00a0: \u00ab\u00a0Elle \u00e9tait son pilier, sa muse, sa manageuse, sa comptable, sa chauffeuse, son \u00e9ditrice\u2026 L\u2019un n\u2019allait jamais sans l\u2019autre, \u00e7a va \u00eatre dur pour Pierre. Il est fort, l\u2019\u00e9criture peut le sauver\u00a0\u00bb, a d\u00e9clar\u00e9 Gilou, qui surnommait Rebecca \u00ab\u00a0la patronne\u00a0\u00bb\u00a0: \u00ab\u00a0C\u2019\u00e9tait quelqu\u2019un d\u2019admirable, qui faisait tout pour que Pierre n\u2019ait qu\u2019\u00e0 penser \u00e0 la musique, \u00e0 l\u2019\u00e9criture et \u00e0 la sc\u00e8ne. Elle g\u00e9rait tout dans l\u2019ombre.\u00a0\u00bb<\/p>\n","protected":false},"excerpt":{"rendered":"Pierre Perret a perdu sa femme de toujours, Rebecca, d\u00e9c\u00e9d\u00e9e dans la nuit de samedi \u00e0 dimanche, \u00e0&hellip;\n","protected":false},"author":2,"featured_media":644577,"comment_status":"","ping_status":"","sticky":false,"template":"","format":"standard","meta":{"footnotes":""},"categories":[8],"tags":[58,59,1011,27],"class_list":{"0":"post-644576","1":"post","2":"type-post","3":"status-publish","4":"format-standard","5":"has-post-thumbnail","7":"category-divertissement","8":"tag-divertissement","9":"tag-entertainment","10":"tag-fr","11":"tag-france"},"share_on_mastodon":{"url":"https:\/\/pubeurope.com\/@fr\/115847804088338840","error":""},"_links":{"self":[{"href":"https:\/\/www.europesays.com\/fr\/wp-json\/wp\/v2\/posts\/644576","targetHints":{"allow":["GET"]}}],"collection":[{"href":"https:\/\/www.europesays.com\/fr\/wp-json\/wp\/v2\/posts"}],"about":[{"href":"https:\/\/www.europesays.com\/fr\/wp-json\/wp\/v2\/types\/post"}],"author":[{"embeddable":true,"href":"https:\/\/www.europesays.com\/fr\/wp-json\/wp\/v2\/users\/2"}],"replies":[{"embeddable":true,"href":"https:\/\/www.europesays.com\/fr\/wp-json\/wp\/v2\/comments?post=644576"}],"version-history":[{"count":0,"href":"https:\/\/www.europesays.com\/fr\/wp-json\/wp\/v2\/posts\/644576\/revisions"}],"wp:featuredmedia":[{"embeddable":true,"href":"https:\/\/www.europesays.com\/fr\/wp-json\/wp\/v2\/media\/644577"}],"wp:attachment":[{"href":"https:\/\/www.europesays.com\/fr\/wp-json\/wp\/v2\/media?parent=644576"}],"wp:term":[{"taxonomy":"category","embeddable":true,"href":"https:\/\/www.europesays.com\/fr\/wp-json\/wp\/v2\/categories?post=644576"},{"taxonomy":"post_tag","embeddable":true,"href":"https:\/\/www.europesays.com\/fr\/wp-json\/wp\/v2\/tags?post=644576"}],"curies":[{"name":"wp","href":"https:\/\/api.w.org\/{rel}","templated":true}]}}