{"id":644578,"date":"2026-01-06T10:59:18","date_gmt":"2026-01-06T10:59:18","guid":{"rendered":"https:\/\/www.europesays.com\/fr\/644578\/"},"modified":"2026-01-06T10:59:18","modified_gmt":"2026-01-06T10:59:18","slug":"avec-ses-nouveaux-processeurs-amd-annonce-des-performances-qui-depassent-intel-sur-windows-11-frandroid","status":"publish","type":"post","link":"https:\/\/www.europesays.com\/fr\/644578\/","title":{"rendered":"Avec ses nouveaux processeurs, AMD annonce des performances qui d\u00e9passent Intel sur Windows 11 \u2014 Frandroid"},"content":{"rendered":"<p>AMD d\u00e9voile au CES une nouvelle gamme de processeurs pour PC portables avec les puces Ryzen AI 400. Une \u00e9volution \u00e0 petits pas de l\u2019architecture actuelle avant l\u2019arriv\u00e9e de Zen 6.<\/p>\n<p><a href=\"https:\/\/images.frandroid.com\/wp-content\/uploads\/2026\/01\/ryzen-ai-400-series-04-resized.jpeg\" target=\"_blank\" class=\"article-content__figure\" rel=\"noopener\"><img fetchpriority=\"high\" decoding=\"async\" loading=\"eager\" width=\"1200\" height=\"675\" src=\"https:\/\/www.europesays.com\/fr\/wp-content\/uploads\/2026\/01\/ryzen-ai-400-series-04-resized.jpeg\" alt=\"\" class=\"wp-image-2929091 wp-image wp-image\"  \/><\/a>Source : AMD<\/p>\n<p>Ce CES 2026 ne sera pas celui d\u2019AMD cette ann\u00e9e. Le fabricant de processeurs d\u00e9voile trois nouvelles puces pour <a href=\"https:\/\/www.frandroid.com\/guide-dachat\/638058_quels-sont-les-meilleurs-pc-portables-haut-de-gamme-de-2019\" target=\"_blank\" rel=\"noopener\">PC portables<\/a>, mais trois it\u00e9rations peu ambitieuses de ses architectures actuelles. En attendant Zen 6 d\u2019ici \u00e0 la fin de l\u2019ann\u00e9e, voici la nouvelle plateforme Ryzen AI 400, nom de code Gorgon Point.<\/p>\n<p>AMD d\u00e9voile ses nouvelles puces mobiles<\/p>\n<p>AMD mise tr\u00e8s logiquement sur le segment PC IA avec sa nouvelle gamme de puces Ryzen AI 400, une \u00e9volution de la plateforme Strix Point d\u00e9j\u00e0 bien install\u00e9e. Pas de changement majeur au programme donc : Zen 5 pour le <a href=\"https:\/\/www.frandroid.com\/guide-dachat\/779185_quels-sont-les-meilleurs-processeurs-cpu-intel-et-amd-ryzen-en-2020\" target=\"_blank\" rel=\"noopener\">processeur<\/a>, RDNA 3.5 pour la partie graphique, et XDNA 2 pour l\u2019intelligence artificielle.<\/p>\n<p><a href=\"https:\/\/www.europesays.com\/fr\/wp-content\/uploads\/2026\/01\/amd-ryzen-ai-400-1.jpg\" target=\"_blank\" class=\"article-content__figure\"><img loading=\"lazy\" decoding=\"async\" width=\"960\" height=\"540\" src=\"https:\/\/www.europesays.com\/fr\/wp-content\/uploads\/2026\/01\/amd-ryzen-ai-400-1.jpg\" alt=\"\" class=\"wp-image-2929103 wp-image\"  \/><\/a>Source : AMD<\/p>\n<p>Les configurations changent assez peu, si ce n\u2019est des fr\u00e9quences boost qui augmentent pour le CPU (jusqu\u2019\u00e0 5,2 GHz) et pour le GPU (jusqu\u2019\u00e0 3,1 GHz). Le NPU peut maintenant monter jusqu\u2019\u00e0 60 AI TOPS tandis que la m\u00e9moire vive est configurable en 8533 MT\/s sur les mod\u00e8les les plus puissants.<\/p>\n<p><a href=\"https:\/\/www.europesays.com\/fr\/wp-content\/uploads\/2026\/01\/amd-ryzen-ai-400-12.jpg\" target=\"_blank\" class=\"article-content__figure\"><img loading=\"lazy\" decoding=\"async\" width=\"960\" height=\"540\" src=\"https:\/\/www.europesays.com\/fr\/wp-content\/uploads\/2026\/01\/amd-ryzen-ai-400-12.jpg\" alt=\"\" class=\"wp-image-2929105 wp-image\"  \/><\/a>Source : AMD<\/p>\n<p>C\u00f4t\u00e9 performances pures, face \u00e0 la concurrence (notamment l\u2019Intel Core Ultra 9 288V), AMD revendique une avance significative :<\/p>\n<ul class=\"wp-block-list\">\n<li>+30 % en multit\u00e2che sur les applications bureautiques<\/li>\n<li>+70 % en cr\u00e9ation de contenu <\/li>\n<li>+10 % en gaming<\/li>\n<li>Une autonomie pouvant atteindre 24 heures en lecture vid\u00e9o <\/li>\n<\/ul>\n<p>\u00c9videmment, cette comparaison ne prend pour l\u2019instant pas en compte la nouvelle architecture Panther Lake de chez Intel, il sera donc int\u00e9ressant de comparer les deux lors de nos tests durant ce premier trimestre 2026.<\/p>\n<p><a target=\"_blank\" href=\"https:\/\/images.frandroid.com\/wp-content\/uploads\/2026\/01\/client-graphics-press-deck-page-0053.jpg\" class=\"article-content__figure\" rel=\"noopener\"><img loading=\"lazy\" decoding=\"async\" width=\"1200\" height=\"675\" src=\"https:\/\/www.europesays.com\/fr\/wp-content\/uploads\/2026\/01\/client-graphics-press-deck-page-0053-1200x675.jpg\" alt=\"\" class=\"wp-image-2930273 wp-image\"  \/><\/a>Source : AMD<\/p>\n<p>AMD en a profit\u00e9 pour d\u00e9voiler deux nouvelles d\u00e9clinaisons de sa tr\u00e8s puissante gamme Ryzen AI Max+ : les Ryzen AI Max+ 392 et 388, tous les deux \u00e0 60 TOPS IA, offrant tous les deux des performances graphiques am\u00e9lior\u00e9es gr\u00e2ce \u00e0 8 unit\u00e9s de calcul suppl\u00e9mentaires.<\/p>\n<p>L\u2019offre PC IA chez AMD<\/p>\n<p>Voici un r\u00e9capitulatif des deux derni\u00e8res gammes de processeurs pour PC portables actuellement propos\u00e9es par AMD. <\/p>\n<p><a href=\"https:\/\/www.europesays.com\/fr\/wp-content\/uploads\/2026\/01\/amd-ryzen-ai-400.jpg\" target=\"_blank\" class=\"article-content__figure\"><img loading=\"lazy\" decoding=\"async\" width=\"960\" height=\"540\" src=\"https:\/\/www.europesays.com\/fr\/wp-content\/uploads\/2026\/01\/amd-ryzen-ai-400.jpg\" alt=\"\" class=\"wp-image-2929083 wp-image\"  \/><\/a>Source : AMD<\/p>\n<p>Et la gamme Ryzen AI Max+ compl\u00e9t\u00e9e par deux nouvelles d\u00e9clinaisons :<\/p>\n<p><a href=\"https:\/\/www.europesays.com\/fr\/wp-content\/uploads\/2026\/01\/amd-ryzen-ai-max.jpg\" target=\"_blank\" class=\"article-content__figure\"><img loading=\"lazy\" decoding=\"async\" width=\"960\" height=\"540\" src=\"https:\/\/www.europesays.com\/fr\/wp-content\/uploads\/2026\/01\/amd-ryzen-ai-max.jpg\" alt=\"\" class=\"wp-image-2929085 wp-image\"  \/><\/a>Source : AMD<\/p>\n<p>Les premiers PC \u00e9quip\u00e9s de la plateforme Ryzen AI 400 seront lanc\u00e9s au cours du premier trimestre 2026, avec des mod\u00e8les attendus chez la plupart des partenaires : Asus, Lenovo, Dell, Acer, HP ou encore MSI.<\/p>\n<p class=\"title\">\n            Retrouvez toutes les nouveaut\u00e9s du             <a href=\"https:\/\/www.frandroid.com\/events\/ces\" target=\"_blank\" rel=\"noopener\"><br \/>\n                CES 2026            <\/a>\n        <\/p>\n","protected":false},"excerpt":{"rendered":"AMD d\u00e9voile au CES une nouvelle gamme de processeurs pour PC portables avec les puces Ryzen AI 400.&hellip;\n","protected":false},"author":2,"featured_media":644579,"comment_status":"","ping_status":"","sticky":false,"template":"","format":"standard","meta":{"footnotes":""},"categories":[7],"tags":[73358,1011,27,14357,43,40,41,39,42,44],"class_list":{"0":"post-644578","1":"post","2":"type-post","3":"status-publish","4":"format-standard","5":"has-post-thumbnail","7":"category-sciences-et-technologies","8":"tag-ces-2026","9":"tag-fr","10":"tag-france","11":"tag-officialisation","12":"tag-science","13":"tag-science-and-technology","14":"tag-sciences","15":"tag-sciences-et-technologies","16":"tag-technologies","17":"tag-technology"},"share_on_mastodon":{"url":"https:\/\/pubeurope.com\/@fr\/115847808217580860","error":""},"_links":{"self":[{"href":"https:\/\/www.europesays.com\/fr\/wp-json\/wp\/v2\/posts\/644578","targetHints":{"allow":["GET"]}}],"collection":[{"href":"https:\/\/www.europesays.com\/fr\/wp-json\/wp\/v2\/posts"}],"about":[{"href":"https:\/\/www.europesays.com\/fr\/wp-json\/wp\/v2\/types\/post"}],"author":[{"embeddable":true,"href":"https:\/\/www.europesays.com\/fr\/wp-json\/wp\/v2\/users\/2"}],"replies":[{"embeddable":true,"href":"https:\/\/www.europesays.com\/fr\/wp-json\/wp\/v2\/comments?post=644578"}],"version-history":[{"count":0,"href":"https:\/\/www.europesays.com\/fr\/wp-json\/wp\/v2\/posts\/644578\/revisions"}],"wp:featuredmedia":[{"embeddable":true,"href":"https:\/\/www.europesays.com\/fr\/wp-json\/wp\/v2\/media\/644579"}],"wp:attachment":[{"href":"https:\/\/www.europesays.com\/fr\/wp-json\/wp\/v2\/media?parent=644578"}],"wp:term":[{"taxonomy":"category","embeddable":true,"href":"https:\/\/www.europesays.com\/fr\/wp-json\/wp\/v2\/categories?post=644578"},{"taxonomy":"post_tag","embeddable":true,"href":"https:\/\/www.europesays.com\/fr\/wp-json\/wp\/v2\/tags?post=644578"}],"curies":[{"name":"wp","href":"https:\/\/api.w.org\/{rel}","templated":true}]}}