{"id":644600,"date":"2026-01-06T11:12:10","date_gmt":"2026-01-06T11:12:10","guid":{"rendered":"https:\/\/www.europesays.com\/fr\/644600\/"},"modified":"2026-01-06T11:12:10","modified_gmt":"2026-01-06T11:12:10","slug":"municipales-2026-apres-49-annees-de-mandat-il-renonce-a-se-presenter-a-la-mairie-de-son-village-de-seine-maritime","status":"publish","type":"post","link":"https:\/\/www.europesays.com\/fr\/644600\/","title":{"rendered":"Municipales 2026\u00a0: apr\u00e8s 49 ann\u00e9es de mandat, il renonce \u00e0 se pr\u00e9senter \u00e0 la mairie de son village de Seine-Maritime"},"content":{"rendered":"<p class=\"paragraph text_align_left lp-f-body-02\">Quelques jours apr\u00e8s avoir souhait\u00e9 \u00ab le meilleur \u00bb pour cette ann\u00e9e 2026 \u00e0 ses administr\u00e9s, le maire de Saint-Jean-du-Cardonnay (<a href=\"https:\/\/www.leparisien.fr\/seine-maritime-76\/\" target=\"_blank\" rel=\"noreferrer noopener\">Seine-Maritime<\/a>) a mis fin au suspens. Apr\u00e8s plusieurs d\u00e9cennies \u00e0 la t\u00eate de cette commune normande de pr\u00e8s de 1 350 habitants, Jacques Niel ne se repr\u00e9sentera pas aux <a href=\"https:\/\/www.leparisien.fr\/elections\/municipales\/\" target=\"_blank\" rel=\"noreferrer noopener\">prochaines \u00e9lections municipales<\/a>.<\/p>\n<p class=\"\">Une page qui se tourne pour cette commune dans laquelle il \u00e9tait \u00e9lu depuis 1977 et maire adjoint jusqu\u2019en 1983, puis maire jusqu\u2019en 2026. \u00ab Soit 49 ann\u00e9es de mandat. Sept \u00e9lections o\u00f9 je suis \u00e9lu au 1er tour avec ma liste compl\u00e8te, except\u00e9 en 2020 o\u00f9 si\u00e8ge un conseiller de l\u2019opposition \u00bb, r\u00e9sume-t-il \u00e0 <a href=\"https:\/\/www.paris-normandie.fr\/id686887\/article\/2026-01-05\/85-ans-jacques-niel-maire-de-saint-jean-du-cardonnay-ne-briguera-pas-de-neuvieme\" target=\"_blank\" rel=\"noreferrer noopener\">Paris-Normandie<\/a>.<\/p>\n<p>Un maire fier de son bilan<\/p>\n<p class=\"\">Salle de sport, city stade, construction de classes\u2026 Aupr\u00e8s de nos confr\u00e8res, l\u2019\u00e9dile se f\u00e9licite du travail accompli durant ses 49 ann\u00e9es de mandature. \u00ab Sans oublier les travaux de l\u2019\u00e9glise, la construction et l\u2019agrandissement de la mairie, la mise \u00e0 disposition de car de ramassage scolaire servant \u00e9galement aux seniors, aux \u00e9coles et aux associations, et l\u2019enfouissement des r\u00e9seaux \u00e9lectriques \u00bb, ajoute-t-il.<\/p>\n<p class=\"\">Comme lui, d\u2019autres \u00e9diles ont pris la d\u00e9cision de raccrocher l\u2019\u00e9charpe tricolore. C\u2019est le cas \u00e0 Entre-deux-Monts (Jura), petit village de 165 habitants, <a href=\"https:\/\/www.leparisien.fr\/elections\/municipales\/municipales-2026-apres-40-ans-de-mandats-il-renonce-a-se-presenter-a-la-mairie-de-son-petit-village-du-jura-27-11-2025-4FRPAKJDEZHDNCHYCN53QLJF7A.php\" target=\"_blank\" rel=\"noreferrer noopener\">o\u00f9 apr\u00e8s pr\u00e8s 40 ans de pr\u00e9sence \u00e0 la mairie<\/a>, Michel Bourgeois avait annonc\u00e9 prendre sa retraite. Mi-d\u00e9cembre Jean-Pierre Toucas a annonc\u00e9 aux habitants de Rouffach (Haut-Rhin) qu\u2019il ne briguerait pas de septi\u00e8me mandat. Il se disait pr\u00eat \u00ab \u00e0 passer le flambeau \u00bb.<\/p>\n<p class=\"\">A contrario, Guy Delattre, maire de Gorges (Somme), petit village de 41 habitants, est pr\u00eat lui \u00e0 briguer son dixi\u00e8me mandat. S\u2019il \u00e9tait r\u00e9\u00e9lu, l\u2019ancien agriculteur pourrait diriger la commune jusqu\u2019\u00e0 ses 100 ans.<\/p>\n<p class=\"\">R\u00e9ponse lors des <a href=\"https:\/\/www.leparisien.fr\/elections\/municipales\/municipales-2026-profession-lieu-de-residence-pouvez-vous-candidater-a-la-mairie-de-votre-commune-30-10-2025-PGHK6KGPTRAWZOJMGWIPPSGXSA.php\" target=\"_blank\" rel=\"noreferrer noopener\">prochaines \u00e9lections municipales<\/a> qui se d\u00e9rouleront du 15 au 22 mars 2026.<\/p>\n","protected":false},"excerpt":{"rendered":"Quelques jours apr\u00e8s avoir souhait\u00e9 \u00ab le meilleur \u00bb pour cette ann\u00e9e 2026 \u00e0 ses administr\u00e9s, le maire&hellip;\n","protected":false},"author":2,"featured_media":644601,"comment_status":"","ping_status":"","sticky":false,"template":"","format":"standard","meta":{"footnotes":""},"categories":[9587],"tags":[1111,11,5949,1777,674,1011,27,3554,12,5161,316,25,9590],"class_list":{"0":"post-644600","1":"post","2":"type-post","3":"status-publish","4":"format-standard","5":"has-post-thumbnail","7":"category-rouen","8":"tag-actu","9":"tag-actualites","10":"tag-elections","11":"tag-eu","12":"tag-europe","13":"tag-fr","14":"tag-france","15":"tag-municipales","16":"tag-news","17":"tag-normandie","18":"tag-politique","19":"tag-republique-francaise","20":"tag-rouen"},"share_on_mastodon":{"url":"https:\/\/pubeurope.com\/@fr\/115847859107535973","error":""},"_links":{"self":[{"href":"https:\/\/www.europesays.com\/fr\/wp-json\/wp\/v2\/posts\/644600","targetHints":{"allow":["GET"]}}],"collection":[{"href":"https:\/\/www.europesays.com\/fr\/wp-json\/wp\/v2\/posts"}],"about":[{"href":"https:\/\/www.europesays.com\/fr\/wp-json\/wp\/v2\/types\/post"}],"author":[{"embeddable":true,"href":"https:\/\/www.europesays.com\/fr\/wp-json\/wp\/v2\/users\/2"}],"replies":[{"embeddable":true,"href":"https:\/\/www.europesays.com\/fr\/wp-json\/wp\/v2\/comments?post=644600"}],"version-history":[{"count":0,"href":"https:\/\/www.europesays.com\/fr\/wp-json\/wp\/v2\/posts\/644600\/revisions"}],"wp:featuredmedia":[{"embeddable":true,"href":"https:\/\/www.europesays.com\/fr\/wp-json\/wp\/v2\/media\/644601"}],"wp:attachment":[{"href":"https:\/\/www.europesays.com\/fr\/wp-json\/wp\/v2\/media?parent=644600"}],"wp:term":[{"taxonomy":"category","embeddable":true,"href":"https:\/\/www.europesays.com\/fr\/wp-json\/wp\/v2\/categories?post=644600"},{"taxonomy":"post_tag","embeddable":true,"href":"https:\/\/www.europesays.com\/fr\/wp-json\/wp\/v2\/tags?post=644600"}],"curies":[{"name":"wp","href":"https:\/\/api.w.org\/{rel}","templated":true}]}}