{"id":644606,"date":"2026-01-06T11:18:10","date_gmt":"2026-01-06T11:18:10","guid":{"rendered":"https:\/\/www.europesays.com\/fr\/644606\/"},"modified":"2026-01-06T11:18:10","modified_gmt":"2026-01-06T11:18:10","slug":"direct-ca-glisse-toujours-sur-les-routes-en-ille-et-vilaine-suivez-levolution-des-conditions-de-circulation","status":"publish","type":"post","link":"https:\/\/www.europesays.com\/fr\/644606\/","title":{"rendered":"DIRECT &#8211; \u00c7a glisse toujours sur les routes en Ille-et-Vilaine : suivez l&rsquo;\u00e9volution des conditions de circulation"},"content":{"rendered":"<p>L&rsquo;interdiction de circulation pour les poids lourds est lev\u00e9e<\/p>\n<p>Bloqu\u00e9s sur quatre zones de stockage diff\u00e9rentes en Ille-et-Vilaine, les poids lourds sont autoris\u00e9s \u00e0 reprendre la route, informe la pr\u00e9fecture. Avec le soleil et la remont\u00e9e des temp\u00e9ratures, le verglas fond progressivement sur les axes de circulation. Certaines mesures restent toutefois en vigueur : abaissement de la vitesse de 20 km\/h et interdiction de d\u00e9passement.<\/p>\n","protected":false},"excerpt":{"rendered":"L&rsquo;interdiction de circulation pour les poids lourds est lev\u00e9e Bloqu\u00e9s sur quatre zones de stockage diff\u00e9rentes en Ille-et-Vilaine,&hellip;\n","protected":false},"author":2,"featured_media":644607,"comment_status":"","ping_status":"","sticky":false,"template":"","format":"standard","meta":{"footnotes":""},"categories":[2821],"tags":[1111,11,829,765,1777,674,1011,27,848,74927,12,584,25],"class_list":{"0":"post-644606","1":"post","2":"type-post","3":"status-publish","4":"format-standard","5":"has-post-thumbnail","7":"category-rennes","8":"tag-actu","9":"tag-actualites","10":"tag-bretagne","11":"tag-en-continu","12":"tag-eu","13":"tag-europe","14":"tag-fr","15":"tag-france","16":"tag-ille-et-vilaine","17":"tag-neige-en-bretagne","18":"tag-news","19":"tag-rennes","20":"tag-republique-francaise"},"share_on_mastodon":{"url":"https:\/\/pubeurope.com\/@fr\/115847882723930547","error":""},"_links":{"self":[{"href":"https:\/\/www.europesays.com\/fr\/wp-json\/wp\/v2\/posts\/644606","targetHints":{"allow":["GET"]}}],"collection":[{"href":"https:\/\/www.europesays.com\/fr\/wp-json\/wp\/v2\/posts"}],"about":[{"href":"https:\/\/www.europesays.com\/fr\/wp-json\/wp\/v2\/types\/post"}],"author":[{"embeddable":true,"href":"https:\/\/www.europesays.com\/fr\/wp-json\/wp\/v2\/users\/2"}],"replies":[{"embeddable":true,"href":"https:\/\/www.europesays.com\/fr\/wp-json\/wp\/v2\/comments?post=644606"}],"version-history":[{"count":0,"href":"https:\/\/www.europesays.com\/fr\/wp-json\/wp\/v2\/posts\/644606\/revisions"}],"wp:featuredmedia":[{"embeddable":true,"href":"https:\/\/www.europesays.com\/fr\/wp-json\/wp\/v2\/media\/644607"}],"wp:attachment":[{"href":"https:\/\/www.europesays.com\/fr\/wp-json\/wp\/v2\/media?parent=644606"}],"wp:term":[{"taxonomy":"category","embeddable":true,"href":"https:\/\/www.europesays.com\/fr\/wp-json\/wp\/v2\/categories?post=644606"},{"taxonomy":"post_tag","embeddable":true,"href":"https:\/\/www.europesays.com\/fr\/wp-json\/wp\/v2\/tags?post=644606"}],"curies":[{"name":"wp","href":"https:\/\/api.w.org\/{rel}","templated":true}]}}