{"id":64462,"date":"2025-04-30T13:22:18","date_gmt":"2025-04-30T13:22:18","guid":{"rendered":"https:\/\/www.europesays.com\/fr\/64462\/"},"modified":"2025-04-30T13:22:18","modified_gmt":"2025-04-30T13:22:18","slug":"une-photographe-de-seine-et-marne-sacree-portraitiste-de-france","status":"publish","type":"post","link":"https:\/\/www.europesays.com\/fr\/64462\/","title":{"rendered":"Une photographe de Seine-et-Marne sacr\u00e9e \u00ab Portraitiste de France \u00bb"},"content":{"rendered":"<p>            Par<br \/>\n        <strong><br \/>\n            <a href=\"https:\/\/actu.fr\/auteur\/journaliste-lm\" title=\"Consulter tous les articles de R\u00e9daction Meaux\" rel=\"nofollow noopener\" target=\"_blank\">R\u00e9daction Meaux<\/a><br \/>\n        <\/strong><\/p>\n<p>        Publi\u00e9 le<\/p>\n<p>            29 avr. 2025 \u00e0 18h33        <\/p>\n<p>Photographe ind\u00e9pendante, Ga\u00eblle Bocquet a re\u00e7u, le 23 mars 2025, le prestigieux prix de portraitiste de France, d\u00e9cern\u00e9 par le jury de la F\u00e9d\u00e9ration Fran\u00e7aise de la Photo et des M\u00e9tiers d\u2019Images (FFPMI), \u00e0 Toulon, lors du dernier congr\u00e8s des m\u00e9tiers de l\u2019image.<\/p>\n<p>Une reconnaissance de la profession<\/p>\n<p class=\" wall-content\">C\u2019est une belle <b>r\u00e9compense <\/b>que le jury de la FFPMI a d\u00e9cern\u00e9e \u00e0 Ga\u00eblle Bocquet, 47 ans, photographe ind\u00e9pendante install\u00e9e \u00e0 <a href=\"https:\/\/www.google.com\/url?sa=t&amp;source=web&amp;rct=j&amp;opi=89978449&amp;url=https:\/\/actu.fr\/ile-de-france\/lagny-sur-marne_77243&amp;ved=2ahUKEwiY0Ir51P2MAxVMTKQEHSoABrwQFnoECA0QAQ&amp;usg=AOvVaw1ffVoHwyWdBy73xfSLS37-\" rel=\"nofollow noopener\" target=\"_blank\">Lagny-sur-Marne<\/a> (<a href=\"https:\/\/www.google.com\/url?sa=t&amp;source=web&amp;rct=j&amp;opi=89978449&amp;url=https:\/\/actu.fr\/ile-de-france\/seine-et-marne_77&amp;ved=2ahUKEwjGsOP-1P2MAxVSVaQEHX88JhAQFnoECAkQAQ&amp;usg=AOvVaw01ioVA7JTbeeqsE9GwgC7e\" rel=\"nofollow noopener\" target=\"_blank\">Seine-et-Marne<\/a>) depuis sept ans, en la titrant Portraitiste de France. Pour le concours, elle a construit un dossier de <b>12 photos<\/b> incluant des th\u00e8mes impos\u00e9s aussi diff\u00e9rents que la femme enceinte, la personne \u00e2g\u00e9e avec son animal de compagnie, la cr\u00e9ation libre ou le professionnel sur son lieu de travail. \u00ab Cela m\u2019a fait sortir de ma zone de confort \u00bb, avoue-t-elle.<\/p>\n<p class=\" wall-content\">Sur les six cents professionnels qui ont tent\u00e9 leur chance, cent soixante-dix ont obtenu une r\u00e9compense. Ga\u00eblle s\u2019est plac\u00e9 <b>cinquante-huiti\u00e8me<\/b>. Le r\u00e8glement stipule que l\u2019imp\u00e9trant peut se pr\u00e9valoir de son titre pendant quatre ans. \u00ab Je suis pr\u00eate \u00e0 recommencer pour obtenir un accessit lors d\u2019une prochaine session, voire de tenter le concours de meilleur ouvrier de France. Je r\u00e9fl\u00e9chis d\u00e9j\u00e0 \u00e0 un contenu ! \u00bb, commente-t-elle, enjou\u00e9e. Elle ajoute :<\/p>\n<blockquote class=\"ac-article-quote wall-content\">\n<p>J\u2019ai accueilli l\u2019annonce de mon titre avec un sentiment profond de joie et de soulagement. D\u2019une part, parce que j\u2019ai mis beaucoup de moi et d\u2019autre part, j\u2019avais besoin de la reconnaissance d\u2019un jury professionnel.<\/p>\n<p>Ga\u00eblle Bocquet<\/p><\/blockquote>\n<p>Une photographe engag\u00e9e<\/p>\n<p class=\" wall-content\">Dans son studio latignacien, <b>\u00ab M\u00f4me en pose \u00bb<\/b>, Ga\u00eblle Bocquet re\u00e7oit une client\u00e8le parmi laquelle elle privil\u00e9gie la femme, enceinte ou non, la naissance, l\u2019enfant et la famille. \u00ab \u00catre enceinte m\u2019a submerg\u00e9e de joie et de peur. Aujourd\u2019hui, je con\u00e7ois pour les futures mamans des photos qui graveront \u00e0 jamais leur grossesse. Puis, c\u2019est avec \u00e9motion et douceur que je re\u00e7ois au studio les nouveau-n\u00e9s pour des s\u00e9ances o\u00f9 confort et s\u00e9curit\u00e9 sont la priorit\u00e9. \u00bb<\/p>\n<p>Vid\u00e9os : en ce moment sur Actu<\/p>\n<p class=\" wall-content\">Elle s\u2019est adjoint les services de la maquilleuse du salon \u00ab Daddy Beauty \u00bb de Torcy. Elle utilise peu d\u2019accessoires et privil\u00e9gie avant tout, avec son style \u00e9pur\u00e9 caract\u00e9ristique,<b> l\u2019humain, les liens et le regard<\/b>. Elle admet : \u00ab Avec le temps, ma qualit\u00e9 technique s\u2019est am\u00e9lior\u00e9e mais j\u2019ai voulu rester dans la simplicit\u00e9. Au d\u00e9but, j\u2019ai essay\u00e9 de \u00a0\u00bbd\u00e9corer\u00a0\u00bb, mais ce n\u2019\u00e9tait pas moi. \u00bb. Elle n\u2019a pas encore souhait\u00e9 publier de portfolio, estimant \u00ab \u00eatre plus artisan qu\u2019artiste \u00bb.<\/p>\n<p class=\" wall-content\">Ga\u00eblle Bocquet s\u2019implique depuis plusieurs ann\u00e9es dans le<b> financement de la recherche luttant contre le cancer du sein<\/b>. Elle a couvert deux ann\u00e9es de suite l\u2019\u00e9v\u00e9nement \u00ab les bonnets roses \u00bb, elle propose, chaque mois d\u2019octobre, des s\u00e9ances gratuites aux femmes malades et elle participe \u00e0 l\u2019op\u00e9ration de lev\u00e9e de fonds de l\u2019association \u00ab On pose pour le Rose \u00bb.<\/p>\n<p>Adresse : 29 rue Gambetta \u00e0 Lagny. Contact : <a href=\"https:\/\/actu.fr\/cdn-cgi\/l\/email-protection\" class=\"__cf_email__\" data-cfemail=\"214c4e4c44444f514e524461464c40484d0f424e4c\" rel=\"nofollow noopener\" target=\"_blank\">[email\u00a0protected]<\/a> ou 06 77 05 19 26.<\/p>\n<p class=\" wall-content\">Suivez toute l\u2019actualit\u00e9 de vos villes et m\u00e9dias favoris en vous inscrivant \u00e0 <a href=\"https:\/\/moncompte.actu.fr\" title=\"D\u00e9couvez Mon Actu\" rel=\"nofollow noopener\" data-trk=\"{&quot;cta&quot;:{&quot;action&quot;:&quot;https:\\\/\\\/moncompte.actu.fr&quot;,&quot;category&quot;:&quot;mon compte&quot;,&quot;from&quot;:&quot;article footer&quot;,&quot;name&quot;:&quot;Mon actu&quot;,&quot;type&quot;:&quot;cta&quot;}}\" target=\"_blank\">Mon Actu<\/a>.<\/p>\n","protected":false},"excerpt":{"rendered":"Par R\u00e9daction Meaux Publi\u00e9 le 29 avr. 2025 \u00e0 18h33 Photographe ind\u00e9pendante, Ga\u00eblle Bocquet a re\u00e7u, le 23&hellip;\n","protected":false},"author":2,"featured_media":64463,"comment_status":"","ping_status":"","sticky":false,"template":"","format":"standard","meta":{"footnotes":""},"categories":[1358],"tags":[1348,1384,1385,1386,58,59,1011,27,1756,104],"class_list":{"0":"post-64462","1":"post","2":"type-post","3":"status-publish","4":"format-standard","5":"has-post-thumbnail","7":"category-arts-et-design","8":"tag-arts","9":"tag-arts-and-design","10":"tag-arts-et-design","11":"tag-design","12":"tag-divertissement","13":"tag-entertainment","14":"tag-fr","15":"tag-france","16":"tag-photographie","17":"tag-societe"},"share_on_mastodon":{"url":"https:\/\/pubeurope.com\/@fr\/114427130420196193","error":""},"_links":{"self":[{"href":"https:\/\/www.europesays.com\/fr\/wp-json\/wp\/v2\/posts\/64462","targetHints":{"allow":["GET"]}}],"collection":[{"href":"https:\/\/www.europesays.com\/fr\/wp-json\/wp\/v2\/posts"}],"about":[{"href":"https:\/\/www.europesays.com\/fr\/wp-json\/wp\/v2\/types\/post"}],"author":[{"embeddable":true,"href":"https:\/\/www.europesays.com\/fr\/wp-json\/wp\/v2\/users\/2"}],"replies":[{"embeddable":true,"href":"https:\/\/www.europesays.com\/fr\/wp-json\/wp\/v2\/comments?post=64462"}],"version-history":[{"count":0,"href":"https:\/\/www.europesays.com\/fr\/wp-json\/wp\/v2\/posts\/64462\/revisions"}],"wp:featuredmedia":[{"embeddable":true,"href":"https:\/\/www.europesays.com\/fr\/wp-json\/wp\/v2\/media\/64463"}],"wp:attachment":[{"href":"https:\/\/www.europesays.com\/fr\/wp-json\/wp\/v2\/media?parent=64462"}],"wp:term":[{"taxonomy":"category","embeddable":true,"href":"https:\/\/www.europesays.com\/fr\/wp-json\/wp\/v2\/categories?post=64462"},{"taxonomy":"post_tag","embeddable":true,"href":"https:\/\/www.europesays.com\/fr\/wp-json\/wp\/v2\/tags?post=64462"}],"curies":[{"name":"wp","href":"https:\/\/api.w.org\/{rel}","templated":true}]}}