{"id":644623,"date":"2026-01-06T11:27:10","date_gmt":"2026-01-06T11:27:10","guid":{"rendered":"https:\/\/www.europesays.com\/fr\/644623\/"},"modified":"2026-01-06T11:27:10","modified_gmt":"2026-01-06T11:27:10","slug":"800-foyers-prives-delectricite-a-bordeaux-pendant-la-vague-de-grand-froid","status":"publish","type":"post","link":"https:\/\/www.europesays.com\/fr\/644623\/","title":{"rendered":"800 foyers priv\u00e9s d&rsquo;\u00e9lectricit\u00e9 \u00e0 Bordeaux pendant la vague de grand froid"},"content":{"rendered":"<p>                    Par<br \/>\n        <strong><br \/>\n            <a href=\"https:\/\/actu.fr\/auteur\/juliette-cardinale\" title=\"Consulter tous les articles de Juliette Cardinale\" target=\"_blank\" rel=\"noopener\">Juliette Cardinale<\/a><br \/>\n                    <\/strong><\/p>\n<p>        Publi\u00e9 le<\/p>\n<p>            6 janv. 2026 \u00e0 10h57        <\/p>\n<p>Lundi 5\u00a0janvier 2026, un peu avant 17h, une <strong>fuite de gaz<\/strong> a impact\u00e9 la rue Buhan dans le centre de <a href=\"https:\/\/actu.fr\/bordeaux\/\" target=\"_blank\" rel=\"noopener\">Bordeaux (Gironde).<\/a> Elle concernait une conduite moyenne pression enterr\u00e9e.<\/p>\n<p class=\" wall-content\">Les pompiers ont \u00e9vacu\u00e9 <strong>cinq immeubles.<\/strong> Vingt-sept habitants ont \u00e9t\u00e9 accueillis par une association de protection civile dans le <a href=\"https:\/\/maps.app.goo.gl\/ptRVkJ3gUKTM4bzQ9\" target=\"_blank\" rel=\"noopener\">gymnase Alice Milliat,<\/a> ouvert par la mairie.<\/p>\n<p>800 foyers priv\u00e9s d\u2019\u00e9lectricit\u00e9<\/p>\n<p class=\" wall-content\">R\u00e9gaz a proc\u00e9d\u00e9 \u00e0 des travaux de terrassement et au <strong>barrage de la canalisation.<\/strong> Tandis qu\u2019Enedis a mis \u00e0 l\u2019arr\u00eat <strong>deux postes de transformation EDF,<\/strong> situ\u00e9s dans le p\u00e9rim\u00e8tre de s\u00e9curit\u00e9.<\/p>\n<p class=\" wall-content\">Le temps des op\u00e9rations de secours, <strong>800 foyers ont \u00e9t\u00e9 priv\u00e9s d\u2019\u00e9lectricit\u00e9.<\/strong> Jusqu\u2019\u00e0 16\u00a0heures ce mardi, <strong>280 foyers<\/strong> restent priv\u00e9s d\u2019alimentation en gaz.<\/p>\n<p class=\" wall-content\">Le <strong>cours Victor Hugo<\/strong> a \u00e9t\u00e9 coup\u00e9 \u00e0 la circulation pendant environ 5\u00a0heures, la rue Buhan sera ferm\u00e9e le temps des r\u00e9parations de la canalisation de gaz.<\/p>\n<p class=\" wall-content\">\u00ab\u2009Le <strong>centre d\u2019accueil des impliqu\u00e9s<\/strong> reste ouvert, sous l\u2019\u00e9gide de la mairie, le temps n\u00e9cessaire aux habitants pour r\u00e9int\u00e9grer leurs logements\u2009\u00bb, pr\u00e9cisent les secours. Les habitants peuvent y trouver de la chaleur <a href=\"https:\/\/actu.fr\/nouvelle-aquitaine\/bordeaux_33063\/face-a-des-temperatures-negatives-persistantes-le-prefet-active-le-plan-grand-froid-en-gironde_63648132.html\" target=\"_blank\" rel=\"noopener\">alors qu\u2019une vague de froid p\u00e8se sur la Gironde.<\/a><\/p>\n<p class=\" wall-content\">Des repr\u00e9sentants de la mairie, la <a href=\"https:\/\/actu.fr\/tag\/police\" target=\"_blank\" rel=\"noopener\">police nationale<\/a>, la police municipale ainsi que des <strong>\u00e9quipes de Regaz et Enedis<\/strong> \u00e9taient pr\u00e9sents lors de l\u2019intervention.<\/p>\n<p class=\" wall-content\">Personnalisez votre actualit\u00e9 en ajoutant vos villes et m\u00e9dias en favori avec <a href=\"https:\/\/moncompte.actu.fr\" title=\"D\u00e9couvez Mon Actu\" rel=\"nofollow noopener\" data-trk=\"{&quot;cta&quot;:{&quot;action&quot;:&quot;https:\\\/\\\/moncompte.actu.fr&quot;,&quot;category&quot;:&quot;mon compte&quot;,&quot;from&quot;:&quot;article footer&quot;,&quot;name&quot;:&quot;Mon actu&quot;,&quot;type&quot;:&quot;cta&quot;}}\" target=\"_blank\">Mon Actu<\/a>.<\/p>\n","protected":false},"excerpt":{"rendered":"Par Juliette Cardinale Publi\u00e9 le 6 janv. 2026 \u00e0 10h57 Lundi 5\u00a0janvier 2026, un peu avant 17h, une&hellip;\n","protected":false},"author":2,"featured_media":644624,"comment_status":"","ping_status":"","sticky":false,"template":"","format":"standard","meta":{"footnotes":""},"categories":[2817],"tags":[1111,11,1997,579,1777,674,118,1011,27,3447,843,12,2219,25],"class_list":{"0":"post-644623","1":"post","2":"type-post","3":"status-publish","4":"format-standard","5":"has-post-thumbnail","7":"category-bordeaux","8":"tag-actu","9":"tag-actualites","10":"tag-bordeaux","11":"tag-electricite","12":"tag-eu","13":"tag-europe","14":"tag-faits-divers","15":"tag-fr","16":"tag-france","17":"tag-froid","18":"tag-gaz","19":"tag-news","20":"tag-nouvelle-aquitaine","21":"tag-republique-francaise"},"share_on_mastodon":{"url":"https:\/\/pubeurope.com\/@fr\/115847918096968586","error":""},"_links":{"self":[{"href":"https:\/\/www.europesays.com\/fr\/wp-json\/wp\/v2\/posts\/644623","targetHints":{"allow":["GET"]}}],"collection":[{"href":"https:\/\/www.europesays.com\/fr\/wp-json\/wp\/v2\/posts"}],"about":[{"href":"https:\/\/www.europesays.com\/fr\/wp-json\/wp\/v2\/types\/post"}],"author":[{"embeddable":true,"href":"https:\/\/www.europesays.com\/fr\/wp-json\/wp\/v2\/users\/2"}],"replies":[{"embeddable":true,"href":"https:\/\/www.europesays.com\/fr\/wp-json\/wp\/v2\/comments?post=644623"}],"version-history":[{"count":0,"href":"https:\/\/www.europesays.com\/fr\/wp-json\/wp\/v2\/posts\/644623\/revisions"}],"wp:featuredmedia":[{"embeddable":true,"href":"https:\/\/www.europesays.com\/fr\/wp-json\/wp\/v2\/media\/644624"}],"wp:attachment":[{"href":"https:\/\/www.europesays.com\/fr\/wp-json\/wp\/v2\/media?parent=644623"}],"wp:term":[{"taxonomy":"category","embeddable":true,"href":"https:\/\/www.europesays.com\/fr\/wp-json\/wp\/v2\/categories?post=644623"},{"taxonomy":"post_tag","embeddable":true,"href":"https:\/\/www.europesays.com\/fr\/wp-json\/wp\/v2\/tags?post=644623"}],"curies":[{"name":"wp","href":"https:\/\/api.w.org\/{rel}","templated":true}]}}