{"id":644627,"date":"2026-01-06T11:29:11","date_gmt":"2026-01-06T11:29:11","guid":{"rendered":"https:\/\/www.europesays.com\/fr\/644627\/"},"modified":"2026-01-06T11:29:11","modified_gmt":"2026-01-06T11:29:11","slug":"cest-du-jamais-vu-depuis-2012-record-de-froid-garonne-gelee-toulouse-grelotte-jusqua-mercredi","status":"publish","type":"post","link":"https:\/\/www.europesays.com\/fr\/644627\/","title":{"rendered":"\u00ab\u00a0C\u2019est du jamais-vu depuis 2012\u00a0\u00bb\u00a0: record de froid, Garonne gel\u00e9e, Toulouse grelotte jusqu\u2019\u00e0 mercredi"},"content":{"rendered":"<p>\n                                                                    l&rsquo;essentiel<br \/>\n                                                                La vague de froid en Haute-Garonne atteint des records, avec des temp\u00e9ratures nocturnes jusqu\u2019\u00e0 \u2013 8\u00a0\u00b0C. Ce ph\u00e9nom\u00e8ne rare n\u2019avait pas \u00e9t\u00e9 observ\u00e9 depuis 2012. En plaine, le gel persiste, tandis que le relief conna\u00eet un froid plus habituel.\n                            <\/p>\n<p>La Haute-Garonne, \u00e0 l\u2019instar de l\u2019ensemble de l\u2019Occitanie, traverse actuellement une s\u00e9quence hivernale d\u2019une intensit\u00e9 rare. Selon les relev\u00e9s de M\u00e9t\u00e9o France, les temp\u00e9ratures sont descendues jusqu\u2019\u00e0 \u2013 8\u00a0\u00b0C dans la nuit de lundi \u00e0 mardi. Le r\u00e9veil a \u00e9t\u00e9 glacial ce mardi, apr\u00e8s une journ\u00e9e de lundi marqu\u00e9e par une absence totale de d\u00e9gel. \u00c0 la station de Toulouse-Blagnac, le thermom\u00e8tre a ainsi plafonn\u00e9 \u00e0 une maximale de seulement \u2013 2,9\u00a0\u00b0C lundi. \u00ab\u00a0C\u2019est du jamais-vu depuis la vague de froid de f\u00e9vrier\u00a02012\u00a0\u00bb, pr\u00e9cise M\u00e9t\u00e9o Pyr\u00e9n\u00e9es. Ce mardi, des plaques de glace apparaissaient sur la Garonne, gel\u00e9e par endroits. Le bassin de l\u2019Embouchure est \u00e9galement gel\u00e9, tout comme certaines parties du canal du Midi \u00e0 Toulouse.<\/p>\n<p class=\"std-elt__inline\">\n        <strong>\u00c0 lire aussi :<\/strong><br \/>\n        <a href=\"https:\/\/www.ladepeche.fr\/2026\/01\/04\/le-froid-saccentue-en-france-ce-dimanche-plusieurs-journees-glaciales-jusqua-mercredi-13142261.php\" target=\"_blank\" rel=\"noopener\">&#8211; 7\u00b0C \u00e0 Agen, \u2013 5\u00b0C \u00e0 Toulouse, \u2013 4\u00b0C \u00e0 Rodez ce matin\u2026 Le froid s\u2019accentue en France au moins jusqu\u2019\u00e0 mercredi<\/a>\n    <\/p>\n<p>Pas de grosse chute de neige<\/p>\n<p>Si le froid reste exceptionnel en plaine, il s\u2019est montr\u00e9 plus \u00ab\u00a0classique\u00a0\u00bb \u00e0 l\u2019approche du relief. \u00ab\u00a0Sur le pi\u00e9mont, le mercure a p\u00e9niblement atteint 2 \u00e0 3\u00a0\u00b0C, tandis qu\u2019en moyenne montagne, les maximales oscillaient entre \u2013 4 et \u2013 5\u00a0\u00b0C \u00e0 1\u00a0500 m\u00e8tres\u00a0\u00bb, compl\u00e8te le site sp\u00e9cialis\u00e9.<\/p>\n<p>        <img decoding=\"async\" class=\"std-img__img responsive-img\" src=\"https:\/\/www.europesays.com\/fr\/wp-content\/uploads\/2026\/01\/1767698951_480_image.jpg\" alt=\"Des plaques de glace sur la Garonne.\"\/><\/p>\n<p>                Des plaques de glace sur la Garonne.<br \/>\n                                    DDM &#8211; LAURENT DARD<\/p>\n<p class=\"std-elt__inline\">\n        <strong>\u00c0 lire aussi :<\/strong><br \/>\n        <a href=\"https:\/\/www.ladepeche.fr\/2026\/01\/06\/comment-toulouse-se-prepare-a-affronter-la-vague-de-froid-qui-touche-la-france-entiere-13144855.php\" target=\"_blank\" rel=\"noopener\">Comment Toulouse se pr\u00e9pare \u00e0 affronter la vague de froid qui touche la France enti\u00e8re<\/a>\n    <\/p>\n<p>Aucune chute de neige importante n\u2019est pr\u00e9vue, mais M\u00e9t\u00e9o Pyr\u00e9n\u00e9es anticipe l\u2019apparition de quelques flocons autour de Pau, Tarbes, Toulouse, Foix et Carcassonne ce mardi. De l\u00e9gers saupoudrages localis\u00e9s pourraient ainsi blanchir les sols par endroits.<\/p>\n","protected":false},"excerpt":{"rendered":"l&rsquo;essentiel La vague de froid en Haute-Garonne atteint des records, avec des temp\u00e9ratures nocturnes jusqu\u2019\u00e0 \u2013 8\u00a0\u00b0C. Ce&hellip;\n","protected":false},"author":2,"featured_media":644628,"comment_status":"","ping_status":"","sticky":false,"template":"","format":"standard","meta":{"footnotes":""},"categories":[2816],"tags":[1111,11,1777,674,1011,27,329,2722,15882,12,2680,25,2312],"class_list":{"0":"post-644627","1":"post","2":"type-post","3":"status-publish","4":"format-standard","5":"has-post-thumbnail","7":"category-toulouse","8":"tag-actu","9":"tag-actualites","10":"tag-eu","11":"tag-europe","12":"tag-fr","13":"tag-france","14":"tag-france-monde","15":"tag-haute-garonne","16":"tag-mu00e9tu00e9o","17":"tag-news","18":"tag-occitanie","19":"tag-republique-francaise","20":"tag-toulouse"},"share_on_mastodon":{"url":"https:\/\/pubeurope.com\/@fr\/115847925781022560","error":""},"_links":{"self":[{"href":"https:\/\/www.europesays.com\/fr\/wp-json\/wp\/v2\/posts\/644627","targetHints":{"allow":["GET"]}}],"collection":[{"href":"https:\/\/www.europesays.com\/fr\/wp-json\/wp\/v2\/posts"}],"about":[{"href":"https:\/\/www.europesays.com\/fr\/wp-json\/wp\/v2\/types\/post"}],"author":[{"embeddable":true,"href":"https:\/\/www.europesays.com\/fr\/wp-json\/wp\/v2\/users\/2"}],"replies":[{"embeddable":true,"href":"https:\/\/www.europesays.com\/fr\/wp-json\/wp\/v2\/comments?post=644627"}],"version-history":[{"count":0,"href":"https:\/\/www.europesays.com\/fr\/wp-json\/wp\/v2\/posts\/644627\/revisions"}],"wp:featuredmedia":[{"embeddable":true,"href":"https:\/\/www.europesays.com\/fr\/wp-json\/wp\/v2\/media\/644628"}],"wp:attachment":[{"href":"https:\/\/www.europesays.com\/fr\/wp-json\/wp\/v2\/media?parent=644627"}],"wp:term":[{"taxonomy":"category","embeddable":true,"href":"https:\/\/www.europesays.com\/fr\/wp-json\/wp\/v2\/categories?post=644627"},{"taxonomy":"post_tag","embeddable":true,"href":"https:\/\/www.europesays.com\/fr\/wp-json\/wp\/v2\/tags?post=644627"}],"curies":[{"name":"wp","href":"https:\/\/api.w.org\/{rel}","templated":true}]}}