{"id":644629,"date":"2026-01-06T11:31:13","date_gmt":"2026-01-06T11:31:13","guid":{"rendered":"https:\/\/www.europesays.com\/fr\/644629\/"},"modified":"2026-01-06T11:31:13","modified_gmt":"2026-01-06T11:31:13","slug":"froid-un-gymnase-ouvert-actualites","status":"publish","type":"post","link":"https:\/\/www.europesays.com\/fr\/644629\/","title":{"rendered":"Froid : un gymnase ouvert \/ Actualit\u00e9s"},"content":{"rendered":"<p>Face \u00e0 la chute des temp\u00e9ratures, la Ville de Lille a ouvert le 5 janvier 2026 un gymnase pour la mise \u00e0 l\u2019abri de familles.<\/p>\n<p>            <img loading=\"lazy\" decoding=\"async\" src=\"\/var\/www\/storage\/images\/mediatheque\/mairie-de-lille\/actualites\/images\/2026\/janvier-2026\/gymnase-grand-froid\/3916746-1-fre-FR\/Gymnase-grand-froid_news_image_top.jpg\" width=\"779\" height=\"519\" alt=\"\"\/><br \/>\n    \tPlan grand froid : un gymnase ouvert \u00e0 Lille pour les familles.<\/p>\n<p>Ce dispositif, mis en \u0153uvre en accord et en lien avec la Pr\u00e9fecture et la CMAO dans le cadre du Plan Grand Froid, est coordonn\u00e9 par l\u2019organisme\u00a0Coallia, avec le soutien des services municipaux et de la protection civile. La Ville de Lille met ainsi \u00e0 disposition 50 places d\u2019h\u00e9bergement d\u2019urgence afin de prendre en charge, en priorit\u00e9, les enfants et leurs parents en situation de vuln\u00e9rabilit\u00e9.\u00a0<\/p>\n<p>Un engagement constant de la Ville de Lille\u00a0<\/p>\n<p><strong>La Ville de Lille dispose d\u2019environ 2 371 places d\u2019urgence p\u00e9rennes<\/strong>, soit plus de 30% des places de la M\u00e9tropole Europ\u00e9enne de Lille : 1 523 places d\u2019h\u00e9bergement et d\u2019insertion et 848 logements adapt\u00e9s. Par le biais de la d\u00e9l\u00e9gation H\u00e9bergement d\u2019urgence et dans le cadre du Plan de Lutte Contre les Exclusions, la Ville\u00a0continue de solliciter\u00a0l\u2019\u00c9tat \u2013 comp\u00e9tent en la mati\u00e8re \u2013 pour l\u2019ouverture de nouvelles places d\u2019h\u00e9bergement d\u2019urgence sur son territoire et continuera de soutenir les projets associatifs allant dans ce sens.\u00a0\u00a0<\/p>\n<p>De plus, la Ville de Lille finance, \u00e0 chaque p\u00e9riode hivernale,\u00a0103 nuits (pour 4\u00a0023 nuit\u00e9es soit environ 40 personnes par nuit) au sein de l\u2019auberge de jeunesse\u00a0St\u00e9phane\u00a0Hessel. Cela permet \u00e9galement la mise \u00e0 l\u2019abri de familles avec enfants.\u00a0\u00a0<\/p>\n<p>Aux c\u00f4t\u00e9s des acteurs de terrain\u00a0<\/p>\n<p>La Ville travaille avec un r\u00e9seau de partenaires de terrain et intervient aupr\u00e8s d\u2019associations qui organisent des maraudes, notamment en p\u00e9riode hivernale, particuli\u00e8rement difficile pour ces populations.<\/p>\n<p>Elle finance et met des locaux gracieusement \u00e0 disposition des associations caritatives qui offrent des solutions aux Lillois les plus fragiles \u2013 parmi lesquels de nouveaux profils tels que m\u00e8res seules avec enfants ou familles avec enfants, jeunes migrants isol\u00e9s, personnes sous addictions ou travailleurs pauvres dans l\u2019attente de l\u2019attribution d\u2019un logement \u2013 pour s\u2019abriter, se nourrir, se soigner, \u00eatre \u00e9cout\u00e9s et acc\u00e9der \u00e0 leurs droits.\u00a0<\/p>\n<p>Des moyens financiers \u00e0 la hauteur des enjeux\u00a0<\/p>\n<p>La Ville finance \u00e9galement les associations intervenant aupr\u00e8s de ces publics :\u00a0440 000\u00a0euros de subventions destin\u00e9es \u00e0 soutenir des projets d\u2019investissement permettant d\u2019am\u00e9nager des locaux ou d\u2019acheter un v\u00e9hicule, afin d\u2019am\u00e9liorer les conditions d\u2019accueil des b\u00e9n\u00e9ficiaires et de renforcer la proximit\u00e9 avec les publics en difficult\u00e9, notamment par des interventions \u00e0 domicile ou lors de maraudes. Ces montants traduisent un choix budg\u00e9taire\u00a0volontariste\u00a0dans un contexte de contraintes financi\u00e8res fortes pour les collectivit\u00e9s.\u00a0<\/p>\n<p>Pouvoir \u00eatre h\u00e9berg\u00e9 constitue un pr\u00e9alable \u00e0 toute d\u00e9marche d\u2019insertion sociale et professionnelle.\u00a0C\u2019est pourquoi la lutte contre le sans-abrisme et la mise \u00e0 l\u2019abri des familles font partie des priorit\u00e9s de la Ville.\u00a0<\/p>\n","protected":false},"excerpt":{"rendered":"Face \u00e0 la chute des temp\u00e9ratures, la Ville de Lille a ouvert le 5 janvier 2026 un gymnase&hellip;\n","protected":false},"author":2,"featured_media":644630,"comment_status":"","ping_status":"","sticky":false,"template":"","format":"standard","meta":{"footnotes":""},"categories":[2815],"tags":[1111,11,4763,1777,674,1011,27,811,1307,5415,12,25],"class_list":{"0":"post-644629","1":"post","2":"type-post","3":"status-publish","4":"format-standard","5":"has-post-thumbnail","7":"category-lille","8":"tag-actu","9":"tag-actualites","10":"tag-agenda","11":"tag-eu","12":"tag-europe","13":"tag-fr","14":"tag-france","15":"tag-hauts-de-france","16":"tag-lille","17":"tag-mairie","18":"tag-news","19":"tag-republique-francaise"},"share_on_mastodon":{"url":"https:\/\/pubeurope.com\/@fr\/115847933836534399","error":""},"_links":{"self":[{"href":"https:\/\/www.europesays.com\/fr\/wp-json\/wp\/v2\/posts\/644629","targetHints":{"allow":["GET"]}}],"collection":[{"href":"https:\/\/www.europesays.com\/fr\/wp-json\/wp\/v2\/posts"}],"about":[{"href":"https:\/\/www.europesays.com\/fr\/wp-json\/wp\/v2\/types\/post"}],"author":[{"embeddable":true,"href":"https:\/\/www.europesays.com\/fr\/wp-json\/wp\/v2\/users\/2"}],"replies":[{"embeddable":true,"href":"https:\/\/www.europesays.com\/fr\/wp-json\/wp\/v2\/comments?post=644629"}],"version-history":[{"count":0,"href":"https:\/\/www.europesays.com\/fr\/wp-json\/wp\/v2\/posts\/644629\/revisions"}],"wp:featuredmedia":[{"embeddable":true,"href":"https:\/\/www.europesays.com\/fr\/wp-json\/wp\/v2\/media\/644630"}],"wp:attachment":[{"href":"https:\/\/www.europesays.com\/fr\/wp-json\/wp\/v2\/media?parent=644629"}],"wp:term":[{"taxonomy":"category","embeddable":true,"href":"https:\/\/www.europesays.com\/fr\/wp-json\/wp\/v2\/categories?post=644629"},{"taxonomy":"post_tag","embeddable":true,"href":"https:\/\/www.europesays.com\/fr\/wp-json\/wp\/v2\/tags?post=644629"}],"curies":[{"name":"wp","href":"https:\/\/api.w.org\/{rel}","templated":true}]}}