{"id":644631,"date":"2026-01-06T11:32:09","date_gmt":"2026-01-06T11:32:09","guid":{"rendered":"https:\/\/www.europesays.com\/fr\/644631\/"},"modified":"2026-01-06T11:32:09","modified_gmt":"2026-01-06T11:32:09","slug":"adrien-vescovi-lancrage-marseillais-toutma","status":"publish","type":"post","link":"https:\/\/www.europesays.com\/fr\/644631\/","title":{"rendered":"ADRIEN VESCOVI, l\u2019ancrage marseillais &#8211; Toutma"},"content":{"rendered":"<p>\tADRIEN VESCOVI, l\u2019ancrage marseillais &#8211; Toutma<\/p>\n<p>&#13;<br \/>\n&#13;<\/p>\n<p>&#13;<br \/>\n\t\t&#13;<\/p>\n<p>Nous utilisons des cookies pour vous garantir la meilleure exp\u00e9rience sur notre site web. Si vous continuez \u00e0 utiliser ce site, nous supposerons que vous en \u00eates satisfait.OK<\/p>\n<p>\t\t&#13;<\/p>\n","protected":false},"excerpt":{"rendered":"ADRIEN VESCOVI, l\u2019ancrage marseillais &#8211; Toutma &#13; &#13; &#13; &#13; Nous utilisons des cookies pour vous garantir la&hellip;\n","protected":false},"author":2,"featured_media":644632,"comment_status":"","ping_status":"","sticky":false,"template":"","format":"standard","meta":{"footnotes":""},"categories":[2814],"tags":[1111,11,2593,61995,1777,674,75088,3293,68605,1011,27,884,12,17258,882,25,75089],"class_list":{"0":"post-644631","1":"post","2":"type-post","3":"status-publish","4":"format-standard","5":"has-post-thumbnail","7":"category-marseille","8":"tag-actu","9":"tag-actualites","10":"tag-artiste","11":"tag-artiste-marseillais","12":"tag-eu","13":"tag-europe","14":"tag-expo-vieille-charite","15":"tag-exposition","16":"tag-exposition-marseille","17":"tag-fr","18":"tag-france","19":"tag-marseille","20":"tag-news","21":"tag-peintre","22":"tag-provence-alpes-cote-dazur","23":"tag-republique-francaise","24":"tag-vieille-charite"},"share_on_mastodon":{"url":"https:\/\/pubeurope.com\/@fr\/115847937860639007","error":""},"_links":{"self":[{"href":"https:\/\/www.europesays.com\/fr\/wp-json\/wp\/v2\/posts\/644631","targetHints":{"allow":["GET"]}}],"collection":[{"href":"https:\/\/www.europesays.com\/fr\/wp-json\/wp\/v2\/posts"}],"about":[{"href":"https:\/\/www.europesays.com\/fr\/wp-json\/wp\/v2\/types\/post"}],"author":[{"embeddable":true,"href":"https:\/\/www.europesays.com\/fr\/wp-json\/wp\/v2\/users\/2"}],"replies":[{"embeddable":true,"href":"https:\/\/www.europesays.com\/fr\/wp-json\/wp\/v2\/comments?post=644631"}],"version-history":[{"count":0,"href":"https:\/\/www.europesays.com\/fr\/wp-json\/wp\/v2\/posts\/644631\/revisions"}],"wp:featuredmedia":[{"embeddable":true,"href":"https:\/\/www.europesays.com\/fr\/wp-json\/wp\/v2\/media\/644632"}],"wp:attachment":[{"href":"https:\/\/www.europesays.com\/fr\/wp-json\/wp\/v2\/media?parent=644631"}],"wp:term":[{"taxonomy":"category","embeddable":true,"href":"https:\/\/www.europesays.com\/fr\/wp-json\/wp\/v2\/categories?post=644631"},{"taxonomy":"post_tag","embeddable":true,"href":"https:\/\/www.europesays.com\/fr\/wp-json\/wp\/v2\/tags?post=644631"}],"curies":[{"name":"wp","href":"https:\/\/api.w.org\/{rel}","templated":true}]}}