{"id":644637,"date":"2026-01-06T11:35:11","date_gmt":"2026-01-06T11:35:11","guid":{"rendered":"https:\/\/www.europesays.com\/fr\/644637\/"},"modified":"2026-01-06T11:35:11","modified_gmt":"2026-01-06T11:35:11","slug":"quelles-visions-pour-la-metropole-de-lyon","status":"publish","type":"post","link":"https:\/\/www.europesays.com\/fr\/644637\/","title":{"rendered":"quelles visions pour la m\u00e9tropole de Lyon ?"},"content":{"rendered":"<p><img loading=\"lazy\" decoding=\"async\" src=\"https:\/\/www.europesays.com\/fr\/wp-content\/uploads\/2026\/01\/Debat-mobilites-quelles-visions-pour-la-metropole-de-Lyon-2211417.webp.webp\" width=\"1200\" height=\"675\" alt=\"placeholder video\"\/><\/p>\n<p>\u00c0 69 jours des \u00e9lections m\u00e9tropolitaines, Bruno Bernard et V\u00e9ronique Sarcelli ont confront\u00e9 leurs visions autour de plusieurs enjeux du quotidien : place de la voiture, transports en commun, grands projets d\u2019infrastructures et perspectives d\u2019\u00e9volution du r\u00e9seau.<br \/>D\u00e9couvrez le replay pour mieux comprendre les enjeux \u00e0 l\u2019approche des \u00e9lections.<\/p>\n<p>Aujourd&rsquo;hui \u00e0 11h01 | Dur\u00e9e : 27:43<\/p>\n","protected":false},"excerpt":{"rendered":"\u00c0 69 jours des \u00e9lections m\u00e9tropolitaines, Bruno Bernard et V\u00e9ronique Sarcelli ont confront\u00e9 leurs visions autour de plusieurs&hellip;\n","protected":false},"author":2,"featured_media":644638,"comment_status":"","ping_status":"","sticky":false,"template":"","format":"standard","meta":{"footnotes":""},"categories":[1889],"tags":[1111,11,2430,1777,674,1011,27,2428,12,25],"class_list":{"0":"post-644637","1":"post","2":"type-post","3":"status-publish","4":"format-standard","5":"has-post-thumbnail","7":"category-lyon","8":"tag-actu","9":"tag-actualites","10":"tag-auvergne-rhone-alpes","11":"tag-eu","12":"tag-europe","13":"tag-fr","14":"tag-france","15":"tag-lyon","16":"tag-news","17":"tag-republique-francaise"},"share_on_mastodon":{"url":"https:\/\/pubeurope.com\/@fr\/115847949408037979","error":""},"_links":{"self":[{"href":"https:\/\/www.europesays.com\/fr\/wp-json\/wp\/v2\/posts\/644637","targetHints":{"allow":["GET"]}}],"collection":[{"href":"https:\/\/www.europesays.com\/fr\/wp-json\/wp\/v2\/posts"}],"about":[{"href":"https:\/\/www.europesays.com\/fr\/wp-json\/wp\/v2\/types\/post"}],"author":[{"embeddable":true,"href":"https:\/\/www.europesays.com\/fr\/wp-json\/wp\/v2\/users\/2"}],"replies":[{"embeddable":true,"href":"https:\/\/www.europesays.com\/fr\/wp-json\/wp\/v2\/comments?post=644637"}],"version-history":[{"count":0,"href":"https:\/\/www.europesays.com\/fr\/wp-json\/wp\/v2\/posts\/644637\/revisions"}],"wp:featuredmedia":[{"embeddable":true,"href":"https:\/\/www.europesays.com\/fr\/wp-json\/wp\/v2\/media\/644638"}],"wp:attachment":[{"href":"https:\/\/www.europesays.com\/fr\/wp-json\/wp\/v2\/media?parent=644637"}],"wp:term":[{"taxonomy":"category","embeddable":true,"href":"https:\/\/www.europesays.com\/fr\/wp-json\/wp\/v2\/categories?post=644637"},{"taxonomy":"post_tag","embeddable":true,"href":"https:\/\/www.europesays.com\/fr\/wp-json\/wp\/v2\/tags?post=644637"}],"curies":[{"name":"wp","href":"https:\/\/api.w.org\/{rel}","templated":true}]}}