{"id":644651,"date":"2026-01-06T11:43:11","date_gmt":"2026-01-06T11:43:11","guid":{"rendered":"https:\/\/www.europesays.com\/fr\/644651\/"},"modified":"2026-01-06T11:43:11","modified_gmt":"2026-01-06T11:43:11","slug":"zelensky-lance-une-reforme-en-profondeur-de-lappareil-detat","status":"publish","type":"post","link":"https:\/\/www.europesays.com\/fr\/644651\/","title":{"rendered":"Zelensky lance une r\u00e9forme en profondeur de l\u2019appareil d\u2019\u00c9tat"},"content":{"rendered":"\n<p>C\u2019est \u00e0 un v\u00e9ritable jeu des \u201cchaises musicales\u201d que se livre Volodymyr Zelensky depuis quelques jours, \u00e9crit le journaliste Roman\u00a0Romaniouk <a class=\"ithalc\" data-ithal=\"lien_externe\" data-ithalc=\"[nav_article]\" target=\"_blank\" href=\"https:\/\/www.pravda.com.ua\/articles\/2026\/01\/05\/8014633\/\" rel=\"noopener\">dans un long article pour le quotidien en ligne <strong>Oukra\u00efnska\u00a0Pravda<\/strong><\/a><strong>.<\/strong> \u201cLe d\u00e9clencheur de cette transformation a \u00e9t\u00e9 la d\u00e9mission du directeur du cabinet pr\u00e9sidentiel, l\u2019omnipr\u00e9sent Andriy\u00a0Yermak.\u201d La chute de ce dernier, \u201chomme \u00e0 tout faire du pr\u00e9sident et joueur de fl\u00fbte g\u00e9opolitique\u201d, mena\u00e7ait de \u201cfaire s\u2019effondrer tout le syst\u00e8me pr\u00e9sidentiel\u201d.<\/p>\n<p>\u201cLe pr\u00e9sident a h\u00e9sit\u00e9 pendant un mois\u201d, poursuit le quotidien, avant d\u2019opter pour \u201cune reconstruction radicale de tout le syst\u00e8me, dans l\u2019espoir de consolider son pouvoir \u00e0 l\u2019aide des derni\u00e8res personnalit\u00e9s positives de son \u00e9quipe\u201d.<\/p>\n<p>Aux yeux de l\u2019opinion publique ukrainienne, le g\u00e9n\u00e9ral Vassyl\u00a0Maliouk, chef du Service de s\u00e9curit\u00e9 (SBU), est un h\u00e9ros, au m\u00eame titre que Kyrylo\u00a0Boudanov, l\u2019ex-patron du HUR, le renseignement militaire. Et \u201cle 5\u00a0janvier 2026, \u00e0 l\u2019issue de longues consultations et sous la pression du cabinet pr\u00e9sidentiel, Maliouk a accept\u00e9 de quitter son poste pour \u00e9viter une crise et un conflit interne pendant la guerre\u201d, <a class=\"ithalc\" data-ithal=\"lien_externe\" data-ithalc=\"[nav_article]\" target=\"_blank\" href=\"https:\/\/wz.lviv.ua\/news\/545224-politychna-napruha-na-bankovii-vasyl-maliuk-pohodyvsia-na-vidstavku\" rel=\"noopener\">commente le quotidien de Lviv <strong>Vyssokiy\u00a0Zamok<\/strong><\/a><strong>.<\/strong> Or, souligne l\u2019analyste Taras\u00a0Zahorodniy <a class=\"ithalc\" data-ithal=\"lien_externe\" data-ithalc=\"[nav_article]\" target=\"_blank\" href=\"https:\/\/espreso.tv\/poglyad-militarizatsiya-derzhavnogo-aparatu-tse-garna-tendentsiya\" rel=\"noopener\">sur le site de la cha\u00eene de t\u00e9l\u00e9vision <strong>Espreso<\/strong><\/a><strong>,<\/strong> Maliouk \u00e9tait cr\u00e9dit\u00e9 de plusieu<\/p>\n","protected":false},"excerpt":{"rendered":"C\u2019est \u00e0 un v\u00e9ritable jeu des \u201cchaises musicales\u201d que se livre Volodymyr Zelensky depuis quelques jours, \u00e9crit le&hellip;\n","protected":false},"author":2,"featured_media":644652,"comment_status":"","ping_status":"","sticky":false,"template":"","format":"standard","meta":{"footnotes":""},"categories":[1590],"tags":[11,1777,674,131,12,316,220,134],"class_list":{"0":"post-644651","1":"post","2":"type-post","3":"status-publish","4":"format-standard","5":"has-post-thumbnail","7":"category-ukraine","8":"tag-actualites","9":"tag-eu","10":"tag-europe","11":"tag-guerre-en-ukraine","12":"tag-news","13":"tag-politique","14":"tag-ukraine","15":"tag-volodymyr-zelensky"},"share_on_mastodon":{"url":"https:\/\/pubeurope.com\/@fr\/115847981076676117","error":""},"_links":{"self":[{"href":"https:\/\/www.europesays.com\/fr\/wp-json\/wp\/v2\/posts\/644651","targetHints":{"allow":["GET"]}}],"collection":[{"href":"https:\/\/www.europesays.com\/fr\/wp-json\/wp\/v2\/posts"}],"about":[{"href":"https:\/\/www.europesays.com\/fr\/wp-json\/wp\/v2\/types\/post"}],"author":[{"embeddable":true,"href":"https:\/\/www.europesays.com\/fr\/wp-json\/wp\/v2\/users\/2"}],"replies":[{"embeddable":true,"href":"https:\/\/www.europesays.com\/fr\/wp-json\/wp\/v2\/comments?post=644651"}],"version-history":[{"count":0,"href":"https:\/\/www.europesays.com\/fr\/wp-json\/wp\/v2\/posts\/644651\/revisions"}],"wp:featuredmedia":[{"embeddable":true,"href":"https:\/\/www.europesays.com\/fr\/wp-json\/wp\/v2\/media\/644652"}],"wp:attachment":[{"href":"https:\/\/www.europesays.com\/fr\/wp-json\/wp\/v2\/media?parent=644651"}],"wp:term":[{"taxonomy":"category","embeddable":true,"href":"https:\/\/www.europesays.com\/fr\/wp-json\/wp\/v2\/categories?post=644651"},{"taxonomy":"post_tag","embeddable":true,"href":"https:\/\/www.europesays.com\/fr\/wp-json\/wp\/v2\/tags?post=644651"}],"curies":[{"name":"wp","href":"https:\/\/api.w.org\/{rel}","templated":true}]}}