{"id":64466,"date":"2025-04-30T13:24:13","date_gmt":"2025-04-30T13:24:13","guid":{"rendered":"https:\/\/www.europesays.com\/fr\/64466\/"},"modified":"2025-04-30T13:24:13","modified_gmt":"2025-04-30T13:24:13","slug":"elle-maurait-beaucoup-plu-guillaume-avoue-son-coup-de-coeur-pour-une-autre-candidate-de-la-saison","status":"publish","type":"post","link":"https:\/\/www.europesays.com\/fr\/64466\/","title":{"rendered":"\u00ab\u00a0Elle m\u2019aurait beaucoup plu\u00a0\u00bb, Guillaume avoue son coup de coeur pour une autre candidate de la saison !"},"content":{"rendered":"<p>L&rsquo;aventure Mari\u00e9s au premier regard 2025 a \u00e9t\u00e9 exp\u00e9ditive pour Guillaume. Il s&rsquo;est mari\u00e9 avec Sophie, mais ils ont rompu d\u00e8s le voyage de noces. Ce mercredi 30 avril, le candidat a confi\u00e9 \u00e0 ses abonn\u00e9s qu&rsquo;une autre mari\u00e9e de cette saison lui aurait beaucoup plus&#8230;<\/p>\n<p>Dans l&rsquo;\u00e9pisode 9 de Mari\u00e9s au premier regard 2025, diffus\u00e9 ce lundi 28 avril sur M6, on a assist\u00e9 \u00e0 la premi\u00e8re rupture de la saison ! En effet, Sophie s&rsquo;est bien rendu compte qu&rsquo;elle ne plaisait pas \u00e0 Guillaume et que \u00e7a n&rsquo;irait jamais plus loin entre eux et elle a donc pris la d\u00e9cision de mettre fin \u00e0 leur aventure.<\/p>\n<p>\u00ab\u00a0Je ne me suis jamais sentie ta femme. Je me suis sentie repouss\u00e9e tout le long. Moi, j&rsquo;en peux plus. Stop, en fait, c&rsquo;est fini. J&rsquo;en ai marre que tu joues avec moi. Moi, je pr\u00e9f\u00e8re arr\u00eater l\u00e0. Je ne veux pas rester avec toi parce que&#8230; Parce que je ne veux pas \u00eatre avec quelqu&rsquo;un qui ne veut pas \u00eatre avec moi\u00a0\u00bb, a l\u00e2ch\u00e9 celle qui s&rsquo;est confi\u00e9e aupr\u00e8s de Purebreak sur les discussions qu&rsquo;elle a eues en off avec Guillaume.<\/p>\n<p>Une autre mari\u00e9e pla\u00eet beaucoup \u00e0 Guillaume<\/p>\n<p>Si Sophie n&rsquo;\u00e9tait pas \u00e0 son go\u00fbt, une autre mari\u00e9e de l&rsquo;\u00e9mission de l&rsquo;\u00e9mission aurait pu plaire \u00e0 Guillaume. En effet, celui qui a \u00e9t\u00e9 accus\u00e9 de participer \u00e0 l&rsquo;\u00e9mission pour faire le buzz a r\u00e9v\u00e9l\u00e9 ce qu&rsquo;il pensait de Coralie en story Instagram ce mercredi 30 avril 2025, \u00e0 l&rsquo;occasion d&rsquo;une session questions\/r\u00e9ponses organis\u00e9e avec ses abonn\u00e9s. Et \u00e0 la surprise g\u00e9n\u00e9rale, elle correspond \u00e0 ses crit\u00e8res.<\/p>\n<p>\u00ab\u00a0Tr\u00e8s solaire, je pense la plus optimiste et positive de toute l&rsquo;\u00e9mission sans d\u00e9nigrer personne. Je trouve qu&rsquo;elle a la t\u00eate sur les \u00e9paules et surtout, elle sait ce qu&rsquo;elle veut, elle sait se remettre en question et exprimer son ressenti quand \u00e7a&#8230;<a href=\"https:\/\/www.purebreak.com\/news\/maries-au-premier-regard-elle-maurait-beaucoup-plu-guillaume-avoue-son-coup-de-coeur-pour-une-autre-candidate-de-la-saison\/253661\" rel=\"nofollow noopener\" target=\"_blank\" data-ylk=\"slk:Lire la suite;elm:context_link;itc:0;sec:content-canvas\" class=\"link \">Lire la suite<\/a><br \/>\u00c0 lire aussi<br \/><a href=\"https:\/\/www.purebreak.com\/news\/maries-au-premier-regard-les-internautes-en-joie-un-ex-candidate-de-retour-avec-un-nouveau-mari-elle-le-merite\/252862\" rel=\"nofollow noopener\" target=\"_blank\" data-ylk=\"slk:Mari\u00e9s au premier regard : les internautes en joie... Une ex-candidate de retour avec un nouveau mari ! &quot;Elle le m\u00e9rite&quot;;elm:context_link;itc:0;sec:content-canvas\" class=\"link \">Mari\u00e9s au premier regard : les internautes en joie&#8230; Une ex-candidate de retour avec un nouveau mari ! \u00ab\u00a0Elle le m\u00e9rite\u00a0\u00bb<\/a><br \/><a href=\"https:\/\/www.purebreak.com\/news\/exclu-autant-rester-sur-tinder-marie-tapernoux-la-nouvelle-experte-de-maries-au-premier-regard-cash-sur-les-exigences-de-certains-candidats\/252993\" rel=\"nofollow noopener\" target=\"_blank\" data-ylk=\"slk:Exclu. &quot;Autant rester sur Tinder&quot; : Marie Tapernoux, la nouvelle experte de Mari\u00e9s au premier regard, cash sur les exigences de certains candidats;elm:context_link;itc:0;sec:content-canvas\" class=\"link \">Exclu. \u00ab\u00a0Autant rester sur Tinder\u00a0\u00bb : Marie Tapernoux, la nouvelle experte de Mari\u00e9s au premier regard, cash sur les exigences de certains candidats<\/a><br \/><a href=\"https:\/\/www.purebreak.com\/news\/maries-au-premier-regard-apres-l-annulation-du-mariage-de-marie-estelle-dossin-lui-trouve-un-autre-homme-decouvrez-son-visage-spoiler\/253641\" rel=\"nofollow noopener\" target=\"_blank\" data-ylk=\"slk:Mari\u00e9s au premier regard : apr\u00e8s l&#039;annulation du mariage de Marie, Estelle Dossin lui trouve un autre homme... D\u00e9couvrez son visage ! (spoiler);elm:context_link;itc:0;sec:content-canvas\" class=\"link \">Mari\u00e9s au premier regard : apr\u00e8s l&rsquo;annulation du mariage de Marie, Estelle Dossin lui trouve un autre homme&#8230; D\u00e9couvrez son visage ! (spoiler)<\/a><\/p>\n","protected":false},"excerpt":{"rendered":"L&rsquo;aventure Mari\u00e9s au premier regard 2025 a \u00e9t\u00e9 exp\u00e9ditive pour Guillaume. Il s&rsquo;est mari\u00e9 avec Sophie, mais ils&hellip;\n","protected":false},"author":2,"featured_media":64467,"comment_status":"","ping_status":"","sticky":false,"template":"","format":"standard","meta":{"footnotes":""},"categories":[1356],"tags":[58,59,1011,27,14721,5329,10841,252,1364],"class_list":{"0":"post-64466","1":"post","2":"type-post","3":"status-publish","4":"format-standard","5":"has-post-thumbnail","7":"category-television","8":"tag-divertissement","9":"tag-entertainment","10":"tag-fr","11":"tag-france","12":"tag-guillaume","13":"tag-maries","14":"tag-premier-regard","15":"tag-television","16":"tag-tv"},"share_on_mastodon":{"url":"https:\/\/pubeurope.com\/@fr\/114427138109972607","error":""},"_links":{"self":[{"href":"https:\/\/www.europesays.com\/fr\/wp-json\/wp\/v2\/posts\/64466","targetHints":{"allow":["GET"]}}],"collection":[{"href":"https:\/\/www.europesays.com\/fr\/wp-json\/wp\/v2\/posts"}],"about":[{"href":"https:\/\/www.europesays.com\/fr\/wp-json\/wp\/v2\/types\/post"}],"author":[{"embeddable":true,"href":"https:\/\/www.europesays.com\/fr\/wp-json\/wp\/v2\/users\/2"}],"replies":[{"embeddable":true,"href":"https:\/\/www.europesays.com\/fr\/wp-json\/wp\/v2\/comments?post=64466"}],"version-history":[{"count":0,"href":"https:\/\/www.europesays.com\/fr\/wp-json\/wp\/v2\/posts\/64466\/revisions"}],"wp:featuredmedia":[{"embeddable":true,"href":"https:\/\/www.europesays.com\/fr\/wp-json\/wp\/v2\/media\/64467"}],"wp:attachment":[{"href":"https:\/\/www.europesays.com\/fr\/wp-json\/wp\/v2\/media?parent=64466"}],"wp:term":[{"taxonomy":"category","embeddable":true,"href":"https:\/\/www.europesays.com\/fr\/wp-json\/wp\/v2\/categories?post=64466"},{"taxonomy":"post_tag","embeddable":true,"href":"https:\/\/www.europesays.com\/fr\/wp-json\/wp\/v2\/tags?post=64466"}],"curies":[{"name":"wp","href":"https:\/\/api.w.org\/{rel}","templated":true}]}}