{"id":644673,"date":"2026-01-06T12:01:14","date_gmt":"2026-01-06T12:01:14","guid":{"rendered":"https:\/\/www.europesays.com\/fr\/644673\/"},"modified":"2026-01-06T12:01:14","modified_gmt":"2026-01-06T12:01:14","slug":"elle-brille-entre-deux-mondes-la-double-vie-de-roxane-la-fille-de-21-ans-de-nagui-et-melanie-page-parfait-melange-de-ses-parents","status":"publish","type":"post","link":"https:\/\/www.europesays.com\/fr\/644673\/","title":{"rendered":"Elle brille entre deux mondes&#8230; La double vie de Roxane, la fille de 21 ans de Nagui et M\u00e9lanie Page, parfait m\u00e9lange de ses parents"},"content":{"rendered":"<p>                <img loading=\"lazy\" decoding=\"async\" src=\"https:\/\/www.europesays.com\/fr\/wp-content\/uploads\/2025\/04\/67-60dc2d2db82b7-35x35-1.jpg\" class=\"author-article-picture\" width=\"35\" height=\"35\"\/><\/p>\n<p>                    Par<\/p>\n<p>                                            <a class=\"author-article-bio-link\" href=\"https:\/\/www.purepeople.com\/auteur\/hiba-semali_a67\" target=\"_blank\" rel=\"noopener\">Hiba Semali<\/a><\/p>\n<p>                    |<\/p>\n<p>                                            R\u00e9dactrice<\/p>\n<p>\n                Rattach\u00e9e \u00e0 la rubrique t\u00e9l\u00e9, Hiba Semali se consacre au petit \u00e9cran. The Voice, Koh-Lanta, Top Chef, Secret Story, Star Academy ou encore Les Marseillais n&rsquo;ont aucun secret pour elle.\n            <\/p>\n<p>\n    Elle a pris le meilleur de ses deux parents. Roxane, la fille a\u00een\u00e9e de Nagui et M\u00e9lanie Page, a 21 ans et \u00e9volue dans deux milieux bien distincts. Tous les d\u00e9tails sur cette double carri\u00e8re.\n<\/p>\n<p>                            <img loading=\"lazy\" decoding=\"async\" class=\"player-thumbnail\" src=\"https:\/\/www.europesays.com\/fr\/wp-content\/uploads\/2026\/01\/00490b27be0db027-580x326-2.jpg\" width=\"580\" height=\"326\"\/><\/p>\n<p>                            Elle brille entre deux mondes&#8230; La double vie de Roxane, la fille de 21 ans de Nagui et M\u00e9lanie Page, parfait m\u00e9lange de ses parents<\/p>\n<p>La suite apr\u00e8s la publicit\u00e9<\/p>\n<p><a href=\"https:\/\/www.purepeople.com\/people\/nagui_p611\" target=\"_blank\" rel=\"noopener\"><strong>Nagui <\/strong><\/a>est l&rsquo;une des figures phares du petit \u00e9cran. Aux commandes de N&rsquo;oubliez pas les paroles ou encore Taratata, il cartonne. Et lorsqu&rsquo;il n&rsquo;est pas sur les plateaux t\u00e9l\u00e9, l&rsquo;animateur de 68 ans passe de bons moments entour\u00e9 de son clan. Comme \u00e0 <a href=\"https:\/\/www.purepeople.com\/article\/dans-la-maison-dexception-de-nagui-et-melanie-page-a-noel-ambiance-franco-britannique-au-rendez-vous-pour-satisfaire-tout-le-monde_a544686\/1\" target=\"_blank\" rel=\"noopener\">No\u00ebl, qu&rsquo;il f\u00eate en famille dans sa maison d&rsquo;exception \u00e0 Montmartre<\/a>, quartier pris\u00e9 de Paris, entre traditions fran\u00e7aises et britanniques. Rappelons qu&rsquo;il est p\u00e8re de quatre enfants : <a href=\"https:\/\/www.purepeople.com\/article\/marine-vignes-sa-fille-nina-dont-le-pere-est-nagui-fete-ses-27-ans-dans-un-restau-de-luxe_a519184\/1\" target=\"_blank\" rel=\"noopener\">Nina, n\u00e9e en 1997 de sa relation pass\u00e9e avec l&rsquo;animatrice Marine Vignes<\/a>, ainsi que <strong>Roxane (21 ans)<\/strong>, Annabel (17 ans) et Adrien (13 ans), tous n\u00e9s de ses amours avec <a href=\"https:\/\/www.purepeople.com\/article\/melanie-page-son-histoire-avec-nagui-ne-partait-pas-sous-les-meilleurs-auspices-elle-ne-voulait-pas-aller-chez-lui-et-lanimateur-a-du-ramer_a542952\/1\" target=\"_blank\" rel=\"noopener\">son \u00e9pouse M\u00e9lanie Page<\/a>. Et l&rsquo;un des enfants de la fratrie m\u00e8ne une double vie professionnelle !<\/p>\n<p>Roxane, l&rsquo;a\u00een\u00e9e des enfants de Nagui et <a href=\"https:\/\/www.purepeople.com\/people\/melanie-page_p287123\" target=\"_blank\" rel=\"noopener\"><strong>M\u00e9lanie Page<\/strong><\/a>, se fraie un chemin dans le monde du mannequinat. En effet, elle tient un compte Instagram professionnel o\u00f9 elle publie des photos issus de shootings r\u00e9alis\u00e9s avec des professionnels. C&rsquo;est ainsi que l&rsquo;on d\u00e9couvre la jeune femme, charmante blonde aux cheveux courts. <strong>Les yeux en amande de son p\u00e8re, le charme de sa m\u00e8re<\/strong>&#8230; Roxane est le parfait m\u00e9lange de l&rsquo;animateur et de l&rsquo;actrice. Elle prend notamment la pose devant l&rsquo;objectif de Carla Sgroi dans le Sud de la France. Et en l\u00e9gende, le \u00ab\u00a0bureau de style\u00a0\u00bb Joseph est cit\u00e9. Sur le compte de l&rsquo;entreprise charg\u00e9e de stylisme, production de contenus ou encore placement d&rsquo;artistes, quelques mots sur ce shooting photo : \u00ab\u00a0S\u00e9ance photo priv\u00e9e \u00e0 Saint-Tropez, dans un esprit estival et intemporel. Cette s\u00e9rie a \u00e9t\u00e9 cr\u00e9\u00e9e pour enrichir le book du mannequin, avec des looks d\u00e9contract\u00e9s stylis\u00e9s pour mettre en valeur une \u00e9l\u00e9gance naturelle.\u00a0\u00bb Des clich\u00e9s lik\u00e9s par ses c\u00e9l\u00e8bres parents, visiblement fiers de leur fille.\u00a0<\/p>\n<p>Nagui et M\u00e9lanie Page : Leur fille Roxane a suivi un brillant cursus avant d&rsquo;\u00eatre embauch\u00e9e chez une star<\/p>\n<p>Rappelons que Roxane n&rsquo;est pas uniquement mannequin. En effet, elle est dipl\u00f4m\u00e9e de <a href=\"https:\/\/www.purepeople.com\/article\/apres-son-ecole-prestigieuse-le-harvard-de-son-domaine-roxane-la-fille-de-nagui-et-melanie-page-embauchee-chez-un-ponte-du-milieu_a545910\/1\" target=\"_blank\" rel=\"noopener\">la prestigieuse \u00e9cole Ferrandi, surnomm\u00e9e \u00ab\u00a0le Harvard de la gastronomie\u00a0\u00bb<\/a>. Et par ailleurs, comme indiqu\u00e9 sur son compte LinkedIn<strong>, la jeune femme de 21 ans a \u00e9t\u00e9 embauch\u00e9e entre mai et septembre dernier<\/strong> chez <a href=\"https:\/\/www.purepeople.com\/article\/cedric-grolet-sa-buche-une-arnaque-le-prix-excessif-et-l-aspect-juge-peu-travaille-font-debat_a517248\/1\" target=\"_blank\" rel=\"noopener\">C\u00e9dric Grolet, grand nom de la p\u00e2tisserie<\/a> notamment rendu c\u00e9l\u00e8bre pour ses trompe-l&rsquo;\u0153il. Elle a ainsi \u00e9volu\u00e9 au sein de l&rsquo;entreprise du chef \u00e0 travers plusieurs missions, \u00e0 l&rsquo;instar de la vente, la gestion d&rsquo;\u00e9quipe ou encore d&rsquo;inventaire. Un joli parcours !<\/p>\n","protected":false},"excerpt":{"rendered":"Par Hiba Semali | R\u00e9dactrice Rattach\u00e9e \u00e0 la rubrique t\u00e9l\u00e9, Hiba Semali se consacre au petit \u00e9cran. The&hellip;\n","protected":false},"author":2,"featured_media":644674,"comment_status":"","ping_status":"","sticky":false,"template":"","format":"standard","meta":{"footnotes":""},"categories":[1359],"tags":[58,59,1011,27,973],"class_list":{"0":"post-644673","1":"post","2":"type-post","3":"status-publish","4":"format-standard","5":"has-post-thumbnail","7":"category-people","8":"tag-divertissement","9":"tag-entertainment","10":"tag-fr","11":"tag-france","12":"tag-people"},"share_on_mastodon":{"url":"https:\/\/pubeurope.com\/@fr\/115848051730134871","error":""},"_links":{"self":[{"href":"https:\/\/www.europesays.com\/fr\/wp-json\/wp\/v2\/posts\/644673","targetHints":{"allow":["GET"]}}],"collection":[{"href":"https:\/\/www.europesays.com\/fr\/wp-json\/wp\/v2\/posts"}],"about":[{"href":"https:\/\/www.europesays.com\/fr\/wp-json\/wp\/v2\/types\/post"}],"author":[{"embeddable":true,"href":"https:\/\/www.europesays.com\/fr\/wp-json\/wp\/v2\/users\/2"}],"replies":[{"embeddable":true,"href":"https:\/\/www.europesays.com\/fr\/wp-json\/wp\/v2\/comments?post=644673"}],"version-history":[{"count":0,"href":"https:\/\/www.europesays.com\/fr\/wp-json\/wp\/v2\/posts\/644673\/revisions"}],"wp:featuredmedia":[{"embeddable":true,"href":"https:\/\/www.europesays.com\/fr\/wp-json\/wp\/v2\/media\/644674"}],"wp:attachment":[{"href":"https:\/\/www.europesays.com\/fr\/wp-json\/wp\/v2\/media?parent=644673"}],"wp:term":[{"taxonomy":"category","embeddable":true,"href":"https:\/\/www.europesays.com\/fr\/wp-json\/wp\/v2\/categories?post=644673"},{"taxonomy":"post_tag","embeddable":true,"href":"https:\/\/www.europesays.com\/fr\/wp-json\/wp\/v2\/tags?post=644673"}],"curies":[{"name":"wp","href":"https:\/\/api.w.org\/{rel}","templated":true}]}}