{"id":644675,"date":"2026-01-06T12:02:09","date_gmt":"2026-01-06T12:02:09","guid":{"rendered":"https:\/\/www.europesays.com\/fr\/644675\/"},"modified":"2026-01-06T12:02:09","modified_gmt":"2026-01-06T12:02:09","slug":"la-migration-avortee-des-helvetes-exploree-en-photographies-au-musee-romain-davenches","status":"publish","type":"post","link":"https:\/\/www.europesays.com\/fr\/644675\/","title":{"rendered":"La migration avort\u00e9e des Helv\u00e8tes explor\u00e9e en photographies au Mus\u00e9e romain d&rsquo;Avenches"},"content":{"rendered":"<p>Jusqu&rsquo;au 25 janvier, l&rsquo;exposition \u00ab\u00a0Helv\u00e8tes migrants\u00a0\u00bb, r\u00e9sultat d&rsquo;un projet men\u00e9 par le photographe neuch\u00e2telois Yves Andr\u00e9 autour de la migration avort\u00e9e des Helv\u00e8tes en 58 avant notre \u00e8re, est \u00e0 voir au Mus\u00e9e romain d&rsquo;Avenches (VD).<\/p>\n<p>La migration avort\u00e9e des Helv\u00e8tes en 58 avant notre \u00e8re est un \u00e9pisode relat\u00e9 par Jules C\u00e9sar dans sa \u00ab\u00a0Guerre des Gaules\u00a0\u00bb qui a fait entrer le Plateau suisse et ses occupants du moment dans l&rsquo;Histoire.<\/p>\n<p>L&rsquo;exposition \u00ab\u00a0Helv\u00e8tes migrants\u00a0\u00bb du photographe neuch\u00e2telois Yves Andr\u00e9 donne \u00e0 r\u00e9fl\u00e9chir sur les sens des mouvements de populations et des migrations par le biais des paysages travers\u00e9s par les Helv\u00e8tes, alors que ceux-ci, m\u00e9contents de leur territoire exigu et craignant l&rsquo;arriv\u00e9e des Germains, tentent de le quitter en masse pour se rendre sur la fa\u00e7ade atlantique du continent, dans le sud-ouest de la France.<\/p>\n<p>Un travail minutieux des cartes<\/p>\n<p>L&rsquo;id\u00e9e de cette exposition a germ\u00e9 suite \u00e0 une d\u00e9couverte personnelle d&rsquo;Yves Andr\u00e9 \u00e0 Autun, en Bourgogne, et \u00e0 une discussion avec Gilbert Kaenel, alors directeur du Mus\u00e9e d&rsquo;arch\u00e9ologie \u00e0 Lausanne. Le photographe, sensible \u00e0 la probl\u00e9matique des migrants contemporains, a trouv\u00e9 dans cette histoire antique un \u00e9cho puissant.<\/p>\n<p>Le parcours des Helv\u00e8tes, tel que relat\u00e9 par Jules C\u00e9sar dans \u00ab\u00a0La Guerre des Gaules\u00a0\u00bb, est le fil conducteur de cette exposition. Yves Andr\u00e9 a entrepris de refaire ce chemin, non pas \u00e0 pied comme il l&rsquo;aurait souhait\u00e9, mais en moto, pour documenter les paysages travers\u00e9s. \u00ab\u00a0J&rsquo;ai pass\u00e9 plusieurs mois sur les cartes \u00e0 essayer de comprendre comment ils avaient pass\u00e9\u00a0\u00bb, indique-t-il dans l&rsquo;\u00e9mission Vertigo du 2 janvier.<\/p>\n<p>Ce travail minutieux lui a permis de d\u00e9finir un trajet probable entre Avenches et la Saintonge (une ancienne province situ\u00e9e entre la Charente et la Garonne), malgr\u00e9 le peu d&rsquo;informations concr\u00e8tes sur l&rsquo;itin\u00e9raire exact des Helv\u00e8tes. Il a notamment cherch\u00e9 des lieux ayant abrit\u00e9 des sites celtes et gaulois.<\/p>\n<p> &gt;&gt; A \u00e9couter, l&rsquo;interview d&rsquo;Yves Andr\u00e9 dans l&rsquo;\u00e9mission Vertigo\u00a0:    L&rsquo;invit\u00e9: Yves Andr\u00e9, \u00ab\u00a0Helv\u00e8tes migrants\u00a0\u00bb \/ Vertigo \/ 17 min. \/ vendredi \u00e0 17:06 Les choix artistiques d&rsquo;Yves Andr\u00e9<\/p>\n<p>L&rsquo;exposition se distingue par les choix artistiques d&rsquo;Yves Andr\u00e9. Il a utilis\u00e9 un appareil de moyen format avec un objectif \u00e0 d\u00e9centrement, pris\u00e9 dans la photographie d&rsquo;architecture: \u00ab\u00a0Je me suis dit que j&rsquo;allais faire un travail avec deux vues par endroit. Photographier avec une vue qui repr\u00e9sente l&rsquo;ancien paysage tel qu&rsquo;ils auraient pu le voir eux et une vue actuelle de ces paysages\u00a0\u00bb.<\/p>\n<p>Les photographies du parcours sont en couleur, montrant des paysages qui, selon lui, n&rsquo;ont pas beaucoup chang\u00e9 depuis l&rsquo;\u00e9poque des Helv\u00e8tes. En revanche, les clich\u00e9s du lieu suppos\u00e9 de l&rsquo;arriv\u00e9e des Helv\u00e8tes sont en format vertical, et le retour est immortalis\u00e9 en noir et blanc, symbolisant la nostalgie et la perte d&rsquo;espoir de ce peuple contraint de rebrousser chemin.<\/p>\n<p class=\"sources\">Propos recueillis par Pierre Philippe Cadert<\/p>\n<p class=\"credit\">Adaptation web: ld<\/p>\n<p class=\"article-footnote\">\u00ab\u00a0Helv\u00e8tes migrants\u00a0\u00bb, Mus\u00e9e romain d&rsquo;Avenches, jusqu&rsquo;au 25 janvier 2026.<\/p>\n","protected":false},"excerpt":{"rendered":"Jusqu&rsquo;au 25 janvier, l&rsquo;exposition \u00ab\u00a0Helv\u00e8tes migrants\u00a0\u00bb, r\u00e9sultat d&rsquo;un projet men\u00e9 par le photographe neuch\u00e2telois Yves Andr\u00e9 autour de&hellip;\n","protected":false},"author":2,"featured_media":644676,"comment_status":"","ping_status":"","sticky":false,"template":"","format":"standard","meta":{"footnotes":""},"categories":[1358],"tags":[1348,1384,1385,1693,2502,251,1386,58,59,3293,1011,27,6059,75090,19470,20528,1756,767,58263,27390,602,75091],"class_list":{"0":"post-644675","1":"post","2":"type-post","3":"status-publish","4":"format-standard","5":"has-post-thumbnail","7":"category-arts-et-design","8":"tag-arts","9":"tag-arts-and-design","10":"tag-arts-et-design","11":"tag-arts-et-divertissement","12":"tag-arts-visuels","13":"tag-culture","14":"tag-design","15":"tag-divertissement","16":"tag-entertainment","17":"tag-exposition","18":"tag-fr","19":"tag-france","20":"tag-migration","21":"tag-musee-romain-davenches","22":"tag-paysage","23":"tag-photographe","24":"tag-photographie","25":"tag-science-et-technologie","26":"tag-sciences-sociales","27":"tag-suisses","28":"tag-tourisme","29":"tag-yves-andre"},"share_on_mastodon":{"url":"https:\/\/pubeurope.com\/@fr\/115848055555581002","error":""},"_links":{"self":[{"href":"https:\/\/www.europesays.com\/fr\/wp-json\/wp\/v2\/posts\/644675","targetHints":{"allow":["GET"]}}],"collection":[{"href":"https:\/\/www.europesays.com\/fr\/wp-json\/wp\/v2\/posts"}],"about":[{"href":"https:\/\/www.europesays.com\/fr\/wp-json\/wp\/v2\/types\/post"}],"author":[{"embeddable":true,"href":"https:\/\/www.europesays.com\/fr\/wp-json\/wp\/v2\/users\/2"}],"replies":[{"embeddable":true,"href":"https:\/\/www.europesays.com\/fr\/wp-json\/wp\/v2\/comments?post=644675"}],"version-history":[{"count":0,"href":"https:\/\/www.europesays.com\/fr\/wp-json\/wp\/v2\/posts\/644675\/revisions"}],"wp:featuredmedia":[{"embeddable":true,"href":"https:\/\/www.europesays.com\/fr\/wp-json\/wp\/v2\/media\/644676"}],"wp:attachment":[{"href":"https:\/\/www.europesays.com\/fr\/wp-json\/wp\/v2\/media?parent=644675"}],"wp:term":[{"taxonomy":"category","embeddable":true,"href":"https:\/\/www.europesays.com\/fr\/wp-json\/wp\/v2\/categories?post=644675"},{"taxonomy":"post_tag","embeddable":true,"href":"https:\/\/www.europesays.com\/fr\/wp-json\/wp\/v2\/tags?post=644675"}],"curies":[{"name":"wp","href":"https:\/\/api.w.org\/{rel}","templated":true}]}}