{"id":644677,"date":"2026-01-06T12:04:16","date_gmt":"2026-01-06T12:04:16","guid":{"rendered":"https:\/\/www.europesays.com\/fr\/644677\/"},"modified":"2026-01-06T12:04:16","modified_gmt":"2026-01-06T12:04:16","slug":"en-plus-de-public-senat-un-autre-flux-en-direct-sarrete-sur-free-tv","status":"publish","type":"post","link":"https:\/\/www.europesays.com\/fr\/644677\/","title":{"rendered":"En plus de Public S\u00e9nat, un autre flux en direct s&rsquo;arr\u00eate sur Free TV"},"content":{"rendered":"<p>                                                                                                                                    <img decoding=\"async\" width=\"800\" height=\"450\" src=\"https:\/\/www.europesays.com\/fr\/wp-content\/uploads\/2025\/08\/tv-3774381_192010-800x450-c-default1-800x450-c-default.jpg\" class=\"featured-image tease-featured-image \" alt=\"En plus de Public S\u00e9nat, un autre flux en direct s\u2019arr\u00eate sur Free TV\" fetchpriority=\"high\"\/><\/p>\n<p><strong>Un nouveau changement discret intervient dans l\u2019univers de Free TV. Apr\u00e8s l\u2019arr\u00eat r\u00e9cent du <a href=\"https:\/\/www.universfreebox.com\/article\/590054\/free-tv-arret-de-la-chaine-annoncee-pour-un-flux-vieux-de-17-ans-ou-retrouver-les-contenus\" target=\"_blank\" rel=\"noopener\">flux seul de Public S\u00e9nat<\/a>, c\u2019est d\u00e9sormais au tour de LCP-Assembl\u00e9e nationale de voir l\u2019une de ses diffusions en direct dispara\u00eetre sur les Freebox.<\/strong><\/p>\n<p>Jusqu\u2019\u00e0 pr\u00e9sent, LCP disposait d\u2019un flux d\u00e9di\u00e9, distinct de celui qu\u2019elle partage historiquement avec Public S\u00e9nat. Ce flux \u201cLCP seule\u201d, accessible sur le canal 167 des Freebox, n\u2019est d\u00e9sormais plus disponible. En se rendant sur ce canal, les abonn\u00e9s d\u00e9couvrent un message signalant l\u2019arr\u00eat de la cha\u00eene, sans indication de remplacement sp\u00e9cifique.<\/p>\n<p>Pour autant, LCP ne dispara\u00eet pas de Free TV. Les programmes de la cha\u00eene parlementaire restent accessibles via le canal 8, qu\u2019elle partage avec Public S\u00e9nat selon un principe d\u2019alternance \u00e0 parts \u00e9gales. Cette organisation, en place depuis la cr\u00e9ation des deux cha\u00eenes en 2000, demeure donc la voie principale pour suivre les d\u00e9bats parlementaires, magazines politiques et \u00e9missions institutionnelles.<\/p>\n<p>LCP avait b\u00e9n\u00e9fici\u00e9, \u00e0 l\u2019instar de Public S\u00e9nat, d\u2019un flux distinct permettant une diffusion continue de ses contenus. La suppression de ce canal d\u00e9di\u00e9 marque un retour \u00e0 une offre plus resserr\u00e9e, centr\u00e9e sur le canal partag\u00e9 et les services de rattrapage. Les abonn\u00e9s peuvent ainsi continuer \u00e0 retrouver les programmes de LCP en direct sur le canal 8 ou via le replay propos\u00e9 sur Free TV.<\/p>\n<p class=\"view_none\" style=\"color:red\"><a style=\"color:red\" href=\"https:\/\/www.universfreebox.com\/article\/590094\/en-plus-de-public-senat-un-autre-flux-en-direct-sarrete-sur-free-tv\" target=\"_blank\" rel=\"noopener\">Cet article a \u00e9t\u00e9 repris sur le site Univers FreeBox<\/a> <\/p>\n","protected":false},"excerpt":{"rendered":"Un nouveau changement discret intervient dans l\u2019univers de Free TV. Apr\u00e8s l\u2019arr\u00eat r\u00e9cent du flux seul de Public&hellip;\n","protected":false},"author":2,"featured_media":347397,"comment_status":"","ping_status":"","sticky":false,"template":"","format":"standard","meta":{"footnotes":""},"categories":[1356],"tags":[58,59,1011,27,252,1364],"class_list":{"0":"post-644677","1":"post","2":"type-post","3":"status-publish","4":"format-standard","5":"has-post-thumbnail","7":"category-television","8":"tag-divertissement","9":"tag-entertainment","10":"tag-fr","11":"tag-france","12":"tag-television","13":"tag-tv"},"share_on_mastodon":{"url":"https:\/\/pubeurope.com\/@fr\/115848063510947058","error":""},"_links":{"self":[{"href":"https:\/\/www.europesays.com\/fr\/wp-json\/wp\/v2\/posts\/644677","targetHints":{"allow":["GET"]}}],"collection":[{"href":"https:\/\/www.europesays.com\/fr\/wp-json\/wp\/v2\/posts"}],"about":[{"href":"https:\/\/www.europesays.com\/fr\/wp-json\/wp\/v2\/types\/post"}],"author":[{"embeddable":true,"href":"https:\/\/www.europesays.com\/fr\/wp-json\/wp\/v2\/users\/2"}],"replies":[{"embeddable":true,"href":"https:\/\/www.europesays.com\/fr\/wp-json\/wp\/v2\/comments?post=644677"}],"version-history":[{"count":0,"href":"https:\/\/www.europesays.com\/fr\/wp-json\/wp\/v2\/posts\/644677\/revisions"}],"wp:featuredmedia":[{"embeddable":true,"href":"https:\/\/www.europesays.com\/fr\/wp-json\/wp\/v2\/media\/347397"}],"wp:attachment":[{"href":"https:\/\/www.europesays.com\/fr\/wp-json\/wp\/v2\/media?parent=644677"}],"wp:term":[{"taxonomy":"category","embeddable":true,"href":"https:\/\/www.europesays.com\/fr\/wp-json\/wp\/v2\/categories?post=644677"},{"taxonomy":"post_tag","embeddable":true,"href":"https:\/\/www.europesays.com\/fr\/wp-json\/wp\/v2\/tags?post=644677"}],"curies":[{"name":"wp","href":"https:\/\/api.w.org\/{rel}","templated":true}]}}