{"id":644678,"date":"2026-01-06T12:05:11","date_gmt":"2026-01-06T12:05:11","guid":{"rendered":"https:\/\/www.europesays.com\/fr\/644678\/"},"modified":"2026-01-06T12:05:11","modified_gmt":"2026-01-06T12:05:11","slug":"ce-qui-ma-frappe-cest-sa-vie-discrete-dans-une-villa-a-marseille","status":"publish","type":"post","link":"https:\/\/www.europesays.com\/fr\/644678\/","title":{"rendered":"\u00ab\u00a0Ce qui m&rsquo;a frapp\u00e9, c&rsquo;est&#8230;\u00a0\u00bb, sa vie discr\u00e8te dans une villa \u00e0 Marseille"},"content":{"rendered":"<p>Figure incontournable de la chanson fran\u00e7aise, <a href=\"https:\/\/www.melty.fr\/tag\/jean-jacques-goldman\" target=\"_blank\" rel=\"noopener\">Jean-Jacques<br \/>\nGoldman \u00e9tait \u00e0 l\u00a0\u00bbhonneur<\/a> ce 4 janvier 2026 dans 20h30 le<br \/>\nDimanche, l&rsquo;\u00e9mission pr\u00e9sent\u00e9e par Laurent Delahousse. Ce<br \/>\nportrait a suscit\u00e9 de nombreuses r\u00e9actions, \u00e0 commencer par celle<br \/>\nde l&rsquo;animateur Nagui, qui n&rsquo;a pas manquer de saluer la g\u00e9n\u00e9rosit\u00e9<br \/>\nde l&rsquo;artiste. Mais ce n&rsquo;est pas tout ! Le chanteur M. Pokora a<br \/>\naussi t\u00e9moign\u00e9. Et lors de son passage devant les cam\u00e9ras, le jeune<br \/>\npapa a longuement \u00e9voqu\u00e9 la chance qu&rsquo;il a eue de reprendre<br \/>\nplusieurs titres embl\u00e9matiques de Goldman.<\/p>\n<p>Jean-Jacques Goldman bien install\u00e9 dans le sud de la<br \/>\nFrance<\/p>\n<p>Auteur-compositeur aux succ\u00e8s immenses, le septuag\u00e9naire a<br \/>\nmarqu\u00e9 durablement des g\u00e9n\u00e9rations enti\u00e8res. Aujourd&rsquo;hui \u00e9loign\u00e9 de<br \/>\nl&rsquo;agitation m\u00e9diatique, il poursuit une vie discr\u00e8te. Selon les<br \/>\ninformations du\u00a0Journal de la maison,\u00a0c&rsquo;est<br \/>\nd&rsquo;ailleurs au bord de la M\u00e9diterran\u00e9e que Jean-Jacques Goldman a<br \/>\npris la d\u00e9cision de s&rsquo;installer. Il aurait effectivement pos\u00e9 ses<br \/>\nvalises au coeur du septi\u00e8me arrondissement de Marseille, dans une<br \/>\nvilla du tr\u00e8s chic quartier Roucas-Blanc.<\/p>\n<p>Toujours d&rsquo;apr\u00e8s nos confr\u00e8res, Jean-Jacques Goldman m\u00e8nerait<br \/>\naujourd&rsquo;hui une vie familiale \u00e9panouie aux c\u00f4t\u00e9s de son \u00e9pouse<br \/>\nNathalie et de leurs trois enfants, Maya, Kimi et Rose. La famille<br \/>\naurait fait le choix de s&rsquo;installer dans une maison \u00e0 l&rsquo;\u00e9cart,<br \/>\nprivil\u00e9giant le calme et la discr\u00e9tion. Loin des projecteurs,<br \/>\nl&rsquo;artiste se montrerait tr\u00e8s pr\u00e9sent au quotidien, notamment dans<br \/>\nla vie scolaire de ses filles.<\/p>\n<p>Un homme \u00e0 la fois discret et<br \/>\nimpliqu\u00e9<\/p>\n<p>Si Jean-Jacques Goldman cultive une discr\u00e9tion absolue, ses<br \/>\nvoisins, de leur c\u00f4t\u00e9, se montrent parfois plus loquaces. En 2013,<br \/>\nJean-Jacques Siffredi, patron de la brasserie Chez David,<br \/>\navait ainsi \u00e9voqu\u00e9 la vie paisible men\u00e9e par l&rsquo;artiste dans les<br \/>\ncolonnes du Parisien : \u00ab\u00a0Il court souvent sur la<br \/>\ncorniche le matin. Quand il vient chez nous, c&rsquo;est quelqu&rsquo;un qui<br \/>\nr\u00e9serve \u00e0 un autre nom. Et on le voit d\u00e9barquer par surprise. Dans<br \/>\nces cas-l\u00e0, on le met dans un coin et si des clients veulent<br \/>\nl&rsquo;aborder, on leur demande de se calmer.\u00a0\u00bb Et pendant la<br \/>\nscolarit\u00e9 de ses filles, Jean-Jacques Goldman \u00e9tait<br \/>\nparticuli\u00e8rement impliqu\u00e9 : \u00ab\u00a0Il participe \u00e0 l&rsquo;organisation des<br \/>\nanimations de la kermesse. L&rsquo;an pass\u00e9 (en 2012, ndlr), il avait<br \/>\ntenu le stand de jeu de quilles.\u00a0\u00bb<\/p>\n<p>D\u00e9sormais sous le charme de la cit\u00e9 phoc\u00e9enne, l&rsquo;interpr\u00e8te de<br \/>\nJe te donne a toujours \u00e9t\u00e9 tr\u00e8s attach\u00e9 au sud de la<br \/>\nFrance. Avant de prendre racine \u00e0 Marseille, c&rsquo;est \u00e0<br \/>\nPlan-de-Cuques, en r\u00e9gion Provence-Alpes-C\u00f4te d&rsquo;Azur, qu&rsquo;il a v\u00e9cu<br \/>\nplusieurs ann\u00e9es. Install\u00e9 dans un quotidien simple et discret,<br \/>\nJean-Jacques Goldman a fait le choix d&rsquo;<a href=\"https:\/\/www.melty.fr\/people\/a-la-retraite-voici-la-somme-astronomique-que-touche-jean-jacques-goldman-2231493.html\" target=\"_blank\" rel=\"noopener\">un<br \/>\n\u00e9quilibre \u00e0 l&rsquo;\u00e9cart du tumulte m\u00e9diatique<\/a>.<\/p>\n","protected":false},"excerpt":{"rendered":"Figure incontournable de la chanson fran\u00e7aise, Jean-Jacques Goldman \u00e9tait \u00e0 l\u00a0\u00bbhonneur ce 4 janvier 2026 dans 20h30 le&hellip;\n","protected":false},"author":2,"featured_media":644679,"comment_status":"","ping_status":"","sticky":false,"template":"","format":"standard","meta":{"footnotes":""},"categories":[1355],"tags":[58,59,1011,27,7195,1361,873],"class_list":{"0":"post-644678","1":"post","2":"type-post","3":"status-publish","4":"format-standard","5":"has-post-thumbnail","7":"category-musique","8":"tag-divertissement","9":"tag-entertainment","10":"tag-fr","11":"tag-france","12":"tag-jean-jacques-goldman","13":"tag-music","14":"tag-musique"},"share_on_mastodon":{"url":"https:\/\/pubeurope.com\/@fr\/115848067404286719","error":""},"_links":{"self":[{"href":"https:\/\/www.europesays.com\/fr\/wp-json\/wp\/v2\/posts\/644678","targetHints":{"allow":["GET"]}}],"collection":[{"href":"https:\/\/www.europesays.com\/fr\/wp-json\/wp\/v2\/posts"}],"about":[{"href":"https:\/\/www.europesays.com\/fr\/wp-json\/wp\/v2\/types\/post"}],"author":[{"embeddable":true,"href":"https:\/\/www.europesays.com\/fr\/wp-json\/wp\/v2\/users\/2"}],"replies":[{"embeddable":true,"href":"https:\/\/www.europesays.com\/fr\/wp-json\/wp\/v2\/comments?post=644678"}],"version-history":[{"count":0,"href":"https:\/\/www.europesays.com\/fr\/wp-json\/wp\/v2\/posts\/644678\/revisions"}],"wp:featuredmedia":[{"embeddable":true,"href":"https:\/\/www.europesays.com\/fr\/wp-json\/wp\/v2\/media\/644679"}],"wp:attachment":[{"href":"https:\/\/www.europesays.com\/fr\/wp-json\/wp\/v2\/media?parent=644678"}],"wp:term":[{"taxonomy":"category","embeddable":true,"href":"https:\/\/www.europesays.com\/fr\/wp-json\/wp\/v2\/categories?post=644678"},{"taxonomy":"post_tag","embeddable":true,"href":"https:\/\/www.europesays.com\/fr\/wp-json\/wp\/v2\/tags?post=644678"}],"curies":[{"name":"wp","href":"https:\/\/api.w.org\/{rel}","templated":true}]}}