{"id":644700,"date":"2026-01-06T12:16:11","date_gmt":"2026-01-06T12:16:11","guid":{"rendered":"https:\/\/www.europesays.com\/fr\/644700\/"},"modified":"2026-01-06T12:16:11","modified_gmt":"2026-01-06T12:16:11","slug":"saint-etienne-refuser-le-declin-preparer-lindustrie-du-futur","status":"publish","type":"post","link":"https:\/\/www.europesays.com\/fr\/644700\/","title":{"rendered":"Saint-\u00c9tienne : Refuser le d\u00e9clin, pr\u00e9parer l\u2019industrie du futur"},"content":{"rendered":"<p class=\"p1\">L\u2019heure n\u2019est plus au constat, elle est \u00e0 l\u2019urgence absolue. Depuis le mois de septembre 2025, pr\u00e8s de 10 000 emplois industriels ont \u00e9t\u00e9 supprim\u00e9s ou sont menac\u00e9s, en particulier au sein des PME-ETI. Aux quatre coins du pays, ce sont d\u00e9sormais 165 sites industriels qui pourraient fermer.<\/p>\n<p><a href=\"https:\/\/www.valeursactuelles.com\/politique\/proces-du-maire-de-saint-etienne-que-risque-gael-perdriau-juge-pour-chantage-a-la-sextape\" class=\"h-flex h-align-items-center h-border-tb h-ptb-15\" target=\"_blank\" rel=\"noopener\">A\u00a0LIRE\u00a0Proc\u00e8s du maire de Saint-\u00c9tienne : que risque Ga\u00ebl Perdriau jug\u00e9 pour \u00ab\u00a0chantage \u00e0 la sextape\u00a0\u00bb\u00a0?\u00a0<\/a><\/p>\n<p class=\"p1\">La <a href=\"https:\/\/www.valeursactuelles.com\/clubvaleurs\/economie\/guillaume-bernard-puissance-industrielle-et-souverainete-economique\" target=\"_blank\" rel=\"noopener\">puissance industrielle<\/a> de la France se d\u00e9lite, sous le poids d\u2019une fiscalit\u00e9 d\u00e9lirante, d\u2019un co\u00fbt de l\u2019\u00e9nergie prohibitif et d\u2019un enchev\u00eatrement de normes qui paralysent l\u2019innovation.<\/p>\n<p class=\"p1\">Longtemps, Saint-\u00c9tienne fut le barom\u00e8tre de la puissance industrielle fran\u00e7aise ; aujourd\u2019hui, elle est le miroir grossissant de son effondrement.<\/p>\n<p class=\"p1\">Car si la France a perdu 2,5 millions d\u2019emplois industriels depuis 1974, notre ville a pay\u00e9 le prix fort de cette saign\u00e9e nationale. Depuis les ann\u00e9es 1970, Saint-\u00c9tienne a vu dispara\u00eetre plus de la moiti\u00e9 de ses effectifs ouvriers, passant de pr\u00e8s de 100 000 \u00e0 environ 45 000 emplois productifs. Cette \u00ab spirale infernale \u00bb n\u2019est pas une statistique abstraite ; c\u2019est d\u00e9sormais notre pr\u00e9sent.<\/p>\n<p class=\"p1\">Pourtant, ce d\u00e9clin n\u2019a rien d\u2019une fatalit\u00e9\u00a0: Saint-\u00c9tienne conserve une r\u00e9silience hors du commun. Dans un paysage national o\u00f9 l\u2019industrie ne p\u00e8se d\u00e9sormais plus qu\u2019un emploi sur dix, notre ville fait figure de bastion avec une densit\u00e9 deux fois sup\u00e9rieure : ici, un emploi sur cinq est encore industriel.<\/p>\n<p><a href=\"https:\/\/www.valeursactuelles.com\/regions\/auvergne-rhone-alpes\/loire\/saint-etienne\/faits-divers\/saint-etienne-des-tags-antisemites-retrouves-sur-des-lieux-symboliques-de-la-ville\" class=\"h-flex h-align-items-center h-border-tb h-ptb-15\" target=\"_blank\" rel=\"noopener\">A\u00a0LIRE\u00a0Saint-\u00c9tienne : des tags antis\u00e9mites retrouv\u00e9s sur des lieux symboliques de la ville<\/a><\/p>\n<p class=\"p1\">Cette vitalit\u00e9 est incarn\u00e9e par nos PME d\u2019excellence qui, de la m\u00e9canique de pr\u00e9cision \u00e0 la robotique, continuent d\u2019exporter leur savoir-faire vers le Japon, l\u2019Allemagne ou les \u00c9tats-Unis.<\/p>\n<p><b>Quatre mesures, un objectif : soutenir l\u2019industrie st\u00e9phanoise <\/b><\/p>\n<p class=\"p1\">Face aux menaces, nous refusons d\u2019\u00eatre les comptables de la d\u00e9solation. Notre plan de bataille pour la r\u00e9industrialisation repose sur l\u2019excellence avec d\u2019abord la cr\u00e9ation d\u2019un \u00ab Label St\u00e9phanois des M\u00e9tiers Qualifi\u00e9s \u00bb pour garantir aux entreprises la main-d\u2019\u0153uvre qualifi\u00e9e qu\u2019elles recherchent, en partenariat avec les \u00e9tablissements d\u2019enseignement sup\u00e9rieur du d\u00e9partement.<\/p>\n<p class=\"p1\">Ce label couvrirait des fili\u00e8res strat\u00e9giques\u00a0: chaudronnerie, soudure, maintenance nucl\u00e9aire, plasturgie, etc. Ainsi, \u00ab Fait \u00e0 Saint-\u00c9tienne \u00bb redeviendrait une marque de confiance, gage d\u2019excellence et de fiabilit\u00e9 pour les employeurs en France comme \u00e0 l\u2019international, \u00e0 l\u2019image de ce que fut la marque\u00a0Manufrance.<\/p>\n<p class=\"p1\">Notre vision, c\u2019est aussi une exigence territoriale avec la r\u00e8gle du \u00ab Z\u00e9ro Friche \u00bb : une usine abandonn\u00e9e n\u2019est pas seulement un g\u00e2chis \u00e9conomique, mais aussi un foyer d\u2019ins\u00e9curit\u00e9 et d\u2019abandon qui d\u00e9figure nos quartiers. Nous voulons que chaque site retrouve une fonction productive (ateliers, incubateurs ou centres de test) en moins de deux ans. Redonner vie \u00e0 ces lieux, c\u2019est ramener simultan\u00e9ment de l\u2019emploi, de la s\u00e9curit\u00e9 et de la fiert\u00e9.<\/p>\n<p class=\"p1\">Parall\u00e8lement, nous acc\u00e9l\u00e8rerons les proc\u00e9dures. Pour casser les d\u00e9lais administratifs, un \u00ab Guichet Industriel Express \u00bb s\u2019engagera \u00e0 instruire tout dossier d\u2019implantation en moins de six mois, l\u00e0 o\u00f9 ailleurs, il faut 18 ou 24 mois.<\/p>\n<p class=\"p1\">Enfin et surtout, face \u00e0 l\u2019explosion des <a href=\"https:\/\/www.valeursactuelles.com\/societe\/electricite-le-gouvernement-annonce-une-baisse-du-prix-de-labonnement-a-partir-du-1er-fevrier\" target=\"_blank\" rel=\"noopener\">co\u00fbts de l\u2019\u00e9lectricit\u00e9<\/a>, nous ferons de Saint-\u00c9tienne un d\u00e9monstrateur \u00e9nerg\u00e9tique comp\u00e9titif en lan\u00e7ant une zone pilote unique combinant r\u00e9cup\u00e9ration de chaleur, contrats d\u2019\u00e9lectricit\u00e9 stables et pilotage num\u00e9rique. L\u2019objectif est de prouver que m\u00eame l\u2019industrie lourde peut rester rentable et souveraine en France en brisant la cha\u00eene de la d\u00e9pendance \u00e9nerg\u00e9tique.<\/p>\n<p class=\"p1\">Saint-Etienne peut redevenir une r\u00e9f\u00e9rence industrielle europ\u00e9enne, \u00e0 l\u2019instar d\u2019Ingolstadt en Allemagne ou de Mod\u00e8ne en Italie.<b> <\/b>Et pour redonner \u00e0 notre ville son rang, nous instituerons le \u00ab Rendez-vous de l\u2019Industrie St\u00e9phanoise \u00bb\u00a0: un \u00e9v\u00e9nement national qui transformera chaque ann\u00e9e Saint-\u00c9tienne en vitrine des savoir-faire, connectant ing\u00e9nieurs et investisseurs venus de tout le pays et du monde entier.<\/p>\n<p class=\"p1\">Pour nous, emporter la majorit\u00e9 \u00e0 la mairie de Saint-\u00c9tienne en 2026 c\u2019est choisir l\u2019action et la reconqu\u00eate, c\u2019est incarner une droite moderne, enracin\u00e9e, qui croit \u00e0 la valeur travail.<\/p>\n<p class=\"p1\">Notre majorit\u00e9 aura le courage de transformer notre histoire ouvri\u00e8re en moteur d\u2019avenir. Saint-\u00c9tienne a produit les armes de la France, ses cycles, ses rubans. Demain, elle forgera sa renaissance industrielle.<\/p>\n","protected":false},"excerpt":{"rendered":"L\u2019heure n\u2019est plus au constat, elle est \u00e0 l\u2019urgence absolue. Depuis le mois de septembre 2025, pr\u00e8s de&hellip;\n","protected":false},"author":2,"featured_media":644701,"comment_status":"","ping_status":"","sticky":false,"template":"","format":"standard","meta":{"footnotes":""},"categories":[9653],"tags":[1111,11,2430,6537,1777,674,1011,27,693,12,1078,25,4001],"class_list":{"0":"post-644700","1":"post","2":"type-post","3":"status-publish","4":"format-standard","5":"has-post-thumbnail","7":"category-saint-etienne","8":"tag-actu","9":"tag-actualites","10":"tag-auvergne-rhone-alpes","11":"tag-eric-ciotti","12":"tag-eu","13":"tag-europe","14":"tag-fr","15":"tag-france","16":"tag-industrie","17":"tag-news","18":"tag-rassemblement-national","19":"tag-republique-francaise","20":"tag-saint-etienne"},"share_on_mastodon":{"url":"https:\/\/pubeurope.com\/@fr\/115848110688545892","error":""},"_links":{"self":[{"href":"https:\/\/www.europesays.com\/fr\/wp-json\/wp\/v2\/posts\/644700","targetHints":{"allow":["GET"]}}],"collection":[{"href":"https:\/\/www.europesays.com\/fr\/wp-json\/wp\/v2\/posts"}],"about":[{"href":"https:\/\/www.europesays.com\/fr\/wp-json\/wp\/v2\/types\/post"}],"author":[{"embeddable":true,"href":"https:\/\/www.europesays.com\/fr\/wp-json\/wp\/v2\/users\/2"}],"replies":[{"embeddable":true,"href":"https:\/\/www.europesays.com\/fr\/wp-json\/wp\/v2\/comments?post=644700"}],"version-history":[{"count":0,"href":"https:\/\/www.europesays.com\/fr\/wp-json\/wp\/v2\/posts\/644700\/revisions"}],"wp:featuredmedia":[{"embeddable":true,"href":"https:\/\/www.europesays.com\/fr\/wp-json\/wp\/v2\/media\/644701"}],"wp:attachment":[{"href":"https:\/\/www.europesays.com\/fr\/wp-json\/wp\/v2\/media?parent=644700"}],"wp:term":[{"taxonomy":"category","embeddable":true,"href":"https:\/\/www.europesays.com\/fr\/wp-json\/wp\/v2\/categories?post=644700"},{"taxonomy":"post_tag","embeddable":true,"href":"https:\/\/www.europesays.com\/fr\/wp-json\/wp\/v2\/tags?post=644700"}],"curies":[{"name":"wp","href":"https:\/\/api.w.org\/{rel}","templated":true}]}}