{"id":644710,"date":"2026-01-06T12:22:13","date_gmt":"2026-01-06T12:22:13","guid":{"rendered":"https:\/\/www.europesays.com\/fr\/644710\/"},"modified":"2026-01-06T12:22:13","modified_gmt":"2026-01-06T12:22:13","slug":"vainqueur-a-montpellier-dunkerque-se-reinvite-dans-la-bataille-pour-la-montee","status":"publish","type":"post","link":"https:\/\/www.europesays.com\/fr\/644710\/","title":{"rendered":"vainqueur \u00e0 Montpellier, Dunkerque se r\u00e9invite dans la bataille pour la mont\u00e9e"},"content":{"rendered":"<p>Dunkerque, c&rsquo;est du s\u00e9rieux ! Au lendemain d&rsquo;une saison 2024-2025 exceptionnelle, conclue par une quatri\u00e8me place en championnat (avec deux playoffs dont le deuxi\u00e8me perdu d&rsquo;une courte t\u00eate \u00e0 Metz) et une demi-finale de Coupe de France contre le Paris Saint-Germain (d\u00e9faite 4-2 \u00e0 Lille), le club nordiste confirme. En t\u00e9moigne sa <a href=\"https:\/\/www.foot-national.com\/actus\/dunkerque-simpose-a-montpellier-et-revient-a-deux-points-du-podium-934850\" target=\"_blank\" rel=\"noopener\">victoire \u00e9clatante \u00e0 Montpellier ce lundi 5 janvier (3-1)<\/a>, en cl\u00f4ture de la <a href=\"https:\/\/www.foot-national.com\/data\/resultat-ligue2.html\" target=\"_blank\" rel=\"noopener\">dix-huiti\u00e8me journ\u00e9e de Ligue 2<\/a>.<\/p>\n<p>Le micmac de l&rsquo;\u00e9t\u00e9<\/p>\n<p>Pourtant, au sortir du pr\u00e9c\u00e9dent exercice, rien ne pr\u00e9disait l&rsquo;USLD \u00e0 se r\u00e9inviter dans le haut de tableau de la deuxi\u00e8me division. Il y a tout d&rsquo;abord eu des d\u00e9parts durant l&rsquo;\u00e9t\u00e9, forc\u00e9ment, de plusieurs artisans de ces performances (Skytt\u00e4, Rivera, Courtet, &#8230;). Ainsi que des retours de pr\u00eats (Raghouber \u00e0 Lille, Jaouen \u00e0 Reims, Fortuna \u00e0 La Gantoise, &#8230;). Sans oublier le chef d&rsquo;orchestre, Luis Castro, courtis\u00e9 au niveau sup\u00e9rieur. Le technicien portugais a \u00e9t\u00e9 recrut\u00e9 par le FC Nantes (Ligue 1), avec la suite qu&rsquo;on conna\u00eet (\u00e9viction en d\u00e9cembre, rebond aussit\u00f4t \u00e0 Levante en Espagne). Pour remplacer le Lusitanien, le directeur sportif Demba Ba a alors mis\u00e9 sur Gon\u00e7alo Feio. Mais la mayonnaise avec cet autre technicien portugais n&rsquo;a pas pris, et des tensions sont n\u00e9es durant la pr\u00e9paration estivale. Vingt-trois jours apr\u00e8s sa nomination, le jeune coach (35 ans) et l&rsquo;USLD se sont s\u00e9par\u00e9s.<\/p>\n<p>Plut\u00f4t que David Bettoni (ancien bras droit de Zin\u00e9dine Zidane au Real Madrid) et Ga\u00ebl Clichy (<a href=\"https:\/\/www.foot-national.com\/mercato\/caen-premier-banc-de-touche-pour-gael-clichy-choisi-par-le-smc-pour-succeder-a-maxime-dornano-off-934322\" target=\"_blank\" rel=\"noopener\">qui vient de reprendre en main le SM Caen en N1<\/a>), l&rsquo;Espagnol Albert Sanchez a \u00e9t\u00e9 choisi pour prendre la rel\u00e8ve. Apr\u00e8s ce micmac de l&rsquo;\u00e9t\u00e9, Dunkerque, plus attendu au tournant, a logiquement eu du retard \u00e0 l&rsquo;allumage. Le temps, aussi, d&rsquo;incorporer les nouvelles recrues et la tactique et l&rsquo;exigence de l&rsquo;ancien formateur du FC Barcelone. Apr\u00e8s trois journ\u00e9es de championnat au mois d&rsquo;ao\u00fbt, le club nordiste ne comptait ainsi aucune victoire (2 nuls, 1 d\u00e9faite). Celle contre Troyes (2-0) juste avant la fermeture du march\u00e9 des transferts, n&rsquo;a pas eu l&rsquo;effet imm\u00e9diat escompt\u00e9. Car dans la foul\u00e9e, Dunkerque a de nouveau encha\u00een\u00e9 sur une s\u00e9rie de trois matchs sans succ\u00e8s (2 d\u00e9faites, 1 nul).<\/p>\n<p>\u00ab\u00a0Dunkerque nous a surclass\u00e9s\u00a0\u00bb<\/p>\n<p>En d\u00e9licatesse au classement, l&rsquo;\u00e9quipe d&rsquo;Albert Sanchez a v\u00e9cu son v\u00e9ritable d\u00e9clic \u00e0 la fin du mois de septembre, lors d&rsquo;un show contre Amiens (6-2). Des performances \u00e0 Pau (3-0), face au Red Star (3-0), \u00e0 Reims (2-1) ou contre Saint-\u00c9tienne (1-0) ont suivi les semaines suivantes. Soit autant d&rsquo;\u00e9quipes avec qui Dunkerque joue d\u00e9sormais des coudes. Au sortir de la 18e journ\u00e9e, voil\u00e0 le ph\u00e9nom\u00e8ne marocain Gessime Yassine (20 ans) et sa troupe sixi\u00e8mes, \u00e0 seulement deux longueurs de la deuxi\u00e8me place occup\u00e9e par Reims. Zoumana Camara, l&rsquo;entra\u00eeneur montpelli\u00e9rain battu par le dernier demi-finaliste de la Coupe de France ce lundi 5 janvier, n&rsquo;a pas tari d&rsquo;\u00e9loges \u00e0 son sujet. \u00ab\u00a0Dunkerque nous a surclass\u00e9s, a constat\u00e9 le coach h\u00e9raultais. (&#8230;) Je n\u2019enl\u00e8ve rien de la qualit\u00e9 de Dunkerque, qui \u00e9tait deux-trois classes au-dessus. Donc, on a \u00e9t\u00e9 quand m\u00eame battu par une \u00e9quipe qui nous est largement sup\u00e9rieure, qui nous a \u00e9t\u00e9 en tout cas sur ce match, et de par sa s\u00e9rie qu\u2019ils le montrent\u00a0\u00bb.<\/p>\n<p>Albert Sanchez, quant \u00e0 lui, avait forc\u00e9ment le sourire en conf\u00e9rence de presse : \u00ab\u00a0Je suis tr\u00e8s fier de mes joueurs ce (lundi) soir. Aujourd\u2019hui, nous commencions la deuxi\u00e8me partie de la saison et l\u2019objectif est de jouer avec la m\u00eame personnalit\u00e9. Mais si nous jouons aussi bien, nous gagnerons beaucoup de matchs. Il y a le score, mais il y a surtout la mani\u00e8re et le contenu\u00a0\u00bb, s&rsquo;est satisfait le tacticien ib\u00e9rique, dans des propos relay\u00e9s par <a href=\"https:\/\/www.midilibre.fr\/2026\/01\/05\/mhsc-dunkerque-je-nai-pas-envie-de-passer-pour-un-entraineur-qui-cherche-des-excuses-ou-qui-se-cache-assume-zoumana-camara-13145439.php\" target=\"_blank\" rel=\"noopener\">Le Midi Libre<\/a>. La saison de sa formation pourrait en tout cas prendre un nouveau tournant ces prochaines semaines. Apr\u00e8s la r\u00e9ception de Pau (7e, 27 pts) le vendredi 16 janvier (20h), Dunkerque (6e, 30 pts) se d\u00e9placera ensuite au Mans (5e, 31 pts) le lundi 26 janvier. Soit deux concurrents directs dans une bataille pour la mont\u00e9e pour laquelle l&rsquo;USLD s&rsquo;est l\u00e9gitimement r\u00e9invit\u00e9e.<\/p>\n<p><a href=\"https:\/\/www.foot-national.com\/data\/classement-ligue2.html\" target=\"_blank\" rel=\"noopener\">Ligue 2 : le classement apr\u00e8s 18 journ\u00e9es<\/a><\/p>\n<p>Partagez cette info avec vos amis et vos proches en cliquant ici<br \/>Pour r\u00e9sumer<\/p>\n<p>Apr\u00e8s une saison 2024-2025 exceptionnelle, conclue par une quatri\u00e8me place en Ligue 2 et une demi-finale de Coupe de France, l&rsquo;USL Dunkerque confirme. Le club nordiste, vainqueur \u00e0 Montpellier ce lundi 5 janvier, se r\u00e9invite dans la course \u00e0 la mont\u00e9e en Ligue 1.<\/p>\n<p> <img decoding=\"async\" width=\"76\" height=\"76\" loading=\"lazy\" src=\"https:\/\/www.europesays.com\/fr\/wp-content\/uploads\/2025\/04\/logo-florian-sermaise.jpg\" alt=\"Florian Sermaise\"\/><\/p>\n","protected":false},"excerpt":{"rendered":"Dunkerque, c&rsquo;est du s\u00e9rieux ! Au lendemain d&rsquo;une saison 2024-2025 exceptionnelle, conclue par une quatri\u00e8me place en championnat&hellip;\n","protected":false},"author":2,"featured_media":644711,"comment_status":"","ping_status":"","sticky":false,"template":"","format":"standard","meta":{"footnotes":""},"categories":[9599],"tags":[1111,11,1777,674,1011,27,59995,2208,12,2680,25],"class_list":{"0":"post-644710","1":"post","2":"type-post","3":"status-publish","4":"format-standard","5":"has-post-thumbnail","7":"category-montpellier","8":"tag-actu","9":"tag-actualites","10":"tag-eu","11":"tag-europe","12":"tag-fr","13":"tag-france","14":"tag-ligue-2-actus","15":"tag-montpellier","16":"tag-news","17":"tag-occitanie","18":"tag-republique-francaise"},"share_on_mastodon":{"url":"https:\/\/pubeurope.com\/@fr\/115848134250054783","error":""},"_links":{"self":[{"href":"https:\/\/www.europesays.com\/fr\/wp-json\/wp\/v2\/posts\/644710","targetHints":{"allow":["GET"]}}],"collection":[{"href":"https:\/\/www.europesays.com\/fr\/wp-json\/wp\/v2\/posts"}],"about":[{"href":"https:\/\/www.europesays.com\/fr\/wp-json\/wp\/v2\/types\/post"}],"author":[{"embeddable":true,"href":"https:\/\/www.europesays.com\/fr\/wp-json\/wp\/v2\/users\/2"}],"replies":[{"embeddable":true,"href":"https:\/\/www.europesays.com\/fr\/wp-json\/wp\/v2\/comments?post=644710"}],"version-history":[{"count":0,"href":"https:\/\/www.europesays.com\/fr\/wp-json\/wp\/v2\/posts\/644710\/revisions"}],"wp:featuredmedia":[{"embeddable":true,"href":"https:\/\/www.europesays.com\/fr\/wp-json\/wp\/v2\/media\/644711"}],"wp:attachment":[{"href":"https:\/\/www.europesays.com\/fr\/wp-json\/wp\/v2\/media?parent=644710"}],"wp:term":[{"taxonomy":"category","embeddable":true,"href":"https:\/\/www.europesays.com\/fr\/wp-json\/wp\/v2\/categories?post=644710"},{"taxonomy":"post_tag","embeddable":true,"href":"https:\/\/www.europesays.com\/fr\/wp-json\/wp\/v2\/tags?post=644710"}],"curies":[{"name":"wp","href":"https:\/\/api.w.org\/{rel}","templated":true}]}}