{"id":644712,"date":"2026-01-06T12:23:09","date_gmt":"2026-01-06T12:23:09","guid":{"rendered":"https:\/\/www.europesays.com\/fr\/644712\/"},"modified":"2026-01-06T12:23:09","modified_gmt":"2026-01-06T12:23:09","slug":"voici-les-previsions-en-seine-maritime","status":"publish","type":"post","link":"https:\/\/www.europesays.com\/fr\/644712\/","title":{"rendered":"voici les pr\u00e9visions en Seine-Maritime"},"content":{"rendered":"<p melodystyle=\"texte\" data-end=\"513\"><a href=\"https:\/\/www.lecourriercauchois.fr\/actualite-394206-en-direct-neige-vigilance-orange-en-seine-maritime-suivez-notre-direct\" target=\"_blank\" rel=\"noopener\">Apr\u00e8s la neige de ce d\u00e9but de semaine<\/a>, la situation m\u00e9t\u00e9orologique reste instable en Seine-Maritime. Selon Beno\u00eet Morel, sp\u00e9cialiste m\u00e9t\u00e9o du d\u00e9partement, un nouvel \u00e9pisode neigeux se confirme pour la nuit de mardi\u00a06 \u00e0 mercredi 7\u00a0janvier ainsi que pour la matin\u00e9e du mercredi. M\u00e9t\u00e9o France a d&rsquo;ailleurs plac\u00e9 le d\u00e9partement en vigilance jaune neige-verglas depuis ce mardi, une vigilance qui restera en vigueur jusqu&rsquo;\u00e0 mercredi 11h.<\/p>\n<p>Des temp\u00e9ratures en l\u00e9g\u00e8re hausse cet apr\u00e8s-midi<\/p>\n<p melodystyle=\"texte\" data-end=\"513\">Avant l&rsquo;arriv\u00e9e de cette nouvelle perturbation, une courte accalmie est attendue ce mardi apr\u00e8s-midi. Les temp\u00e9ratures repasseront positives avec des maximales comprises entre 1 et 4\u00b0C. Toutefois, un risque d&rsquo;averses est pr\u00e9vu entre 16h et 20h. Selon le sp\u00e9cialiste, elles pourraient localement prendre un caract\u00e8re de giboul\u00e9es, notamment sur la c\u00f4te d&rsquo;Alb\u00e2tre, le pays de Caux, le secteur de Petit Caux, la vall\u00e9e de la Bresle et le pays de Bray.<\/p>\n<p>De nouvelles chutes de neige attendues dans la nuit<\/p>\n<p melodystyle=\"texte\" data-end=\"923\">Les premi\u00e8res estimations font \u00e9tat de cumuls compris entre 1 et 6cm en moyenne sur le d\u00e9partement, m\u00eame si ces quantit\u00e9s pourraient encore \u00eatre r\u00e9\u00e9valu\u00e9es dans les prochaines heures. Les flocons devraient commencer \u00e0 tomber dans la nuit de mardi \u00e0 mercredi, avant de se poursuivre localement en matin\u00e9e, notamment dans les secteurs les plus expos\u00e9s.<\/p>\n<p>Des conditions de circulation d\u00e9licates mercredi matin<\/p>\n<p melodystyle=\"texte\" data-end=\"1276\">Avec des temp\u00e9ratures basses et des chauss\u00e9es d\u00e9j\u00e0 fragilis\u00e9es par les \u00e9pisodes pr\u00e9c\u00e9dents, cette nouvelle perturbation pourrait rendre les d\u00e9placements d\u00e9licats mercredi matin. Le risque de verglas restera bien pr\u00e9sent, en particulier sur les routes secondaires et dans l&rsquo;int\u00e9rieur des terres.<\/p>\n","protected":false},"excerpt":{"rendered":"Apr\u00e8s la neige de ce d\u00e9but de semaine, la situation m\u00e9t\u00e9orologique reste instable en Seine-Maritime. Selon Beno\u00eet Morel,&hellip;\n","protected":false},"author":2,"featured_media":644713,"comment_status":"","ping_status":"","sticky":false,"template":"","format":"standard","meta":{"footnotes":""},"categories":[9587],"tags":[1111,11,1777,674,1011,27,12,5161,25,9590],"class_list":{"0":"post-644712","1":"post","2":"type-post","3":"status-publish","4":"format-standard","5":"has-post-thumbnail","7":"category-rouen","8":"tag-actu","9":"tag-actualites","10":"tag-eu","11":"tag-europe","12":"tag-fr","13":"tag-france","14":"tag-news","15":"tag-normandie","16":"tag-republique-francaise","17":"tag-rouen"},"share_on_mastodon":{"url":"https:\/\/pubeurope.com\/@fr\/115848138247880098","error":""},"_links":{"self":[{"href":"https:\/\/www.europesays.com\/fr\/wp-json\/wp\/v2\/posts\/644712","targetHints":{"allow":["GET"]}}],"collection":[{"href":"https:\/\/www.europesays.com\/fr\/wp-json\/wp\/v2\/posts"}],"about":[{"href":"https:\/\/www.europesays.com\/fr\/wp-json\/wp\/v2\/types\/post"}],"author":[{"embeddable":true,"href":"https:\/\/www.europesays.com\/fr\/wp-json\/wp\/v2\/users\/2"}],"replies":[{"embeddable":true,"href":"https:\/\/www.europesays.com\/fr\/wp-json\/wp\/v2\/comments?post=644712"}],"version-history":[{"count":0,"href":"https:\/\/www.europesays.com\/fr\/wp-json\/wp\/v2\/posts\/644712\/revisions"}],"wp:featuredmedia":[{"embeddable":true,"href":"https:\/\/www.europesays.com\/fr\/wp-json\/wp\/v2\/media\/644713"}],"wp:attachment":[{"href":"https:\/\/www.europesays.com\/fr\/wp-json\/wp\/v2\/media?parent=644712"}],"wp:term":[{"taxonomy":"category","embeddable":true,"href":"https:\/\/www.europesays.com\/fr\/wp-json\/wp\/v2\/categories?post=644712"},{"taxonomy":"post_tag","embeddable":true,"href":"https:\/\/www.europesays.com\/fr\/wp-json\/wp\/v2\/tags?post=644712"}],"curies":[{"name":"wp","href":"https:\/\/api.w.org\/{rel}","templated":true}]}}