{"id":644750,"date":"2026-01-06T12:43:10","date_gmt":"2026-01-06T12:43:10","guid":{"rendered":"https:\/\/www.europesays.com\/fr\/644750\/"},"modified":"2026-01-06T12:43:10","modified_gmt":"2026-01-06T12:43:10","slug":"babel-minots-le-festival-de-musique-jeune-public-sinstalle-a-marseille-du-9-au-18-mars","status":"publish","type":"post","link":"https:\/\/www.europesays.com\/fr\/644750\/","title":{"rendered":"Babel Minots, le festival de musique jeune public s\u2019installe \u00e0 Marseille du 9 au 18\u00a0mars"},"content":{"rendered":"<p>Le festival Babel Minots va souffler sa douzi\u00e8me bougie du 9 au 18\u00a0mars\u00a02026. Mais sa formule originale et <a href=\"https:\/\/www.laprovence.com\/article\/festival-davignon\/301292035644714\/babel-minots-le-festival-de-musique-jeune-public-revient-du-12-au-22-mars-a-marseille\" target=\"_blank\" rel=\"noopener\">r\u00e9solument tourn\u00e9e vers les jeunes<\/a> n\u2019a pas chang\u00e9. \u00ab\u00a0Le contexte actuel rend parfois notre jeunesse anxieuse et inqui\u00e8te, dans un monde o\u00f9 il est de plus en plus difficile de trouver sa place. Aujourd\u2019hui, Babel Minots veut adresser un message de paix, d\u2019apaisement et d\u2019amour afin de rallumer les \u00e9toiles dans nos yeux et nos t\u00eates, \u00e0 travers une programmation de spectacles pour tous les \u00e2ges, des actions de m\u00e9diation et des moments de r\u00e9flexion pour faire soci\u00e9t\u00e9, d\u00e9taille l\u2019\u00e9quipe du festival dans son \u00e9ditorial. L\u2019\u00e9quipe du Nomad&rsquo;, \u00e0 l\u2019initiative du festival, aspire \u00e0 transmettre \u00e0 chaque enfant, d\u00e8s le plus jeune \u00e2ge, les cl\u00e9s de compr\u00e9hension du monde qui nous entoure, de notre soci\u00e9t\u00e9 complexe et en constante transformation\u00a0\u00bb. La billetterie de l\u2019\u00e9v\u00e9nement ouvre ce mardi 6\u00a0janvier \u00e0 midi.<\/p>\n<p>Une trentaine de repr\u00e9sentations<\/p>\n<p>En tout, une trentaine de repr\u00e9sentations m\u00ealant concerts, contes musicaux ou encore cin\u00e9-concerts r\u00e9uniront 20 compagnies diff\u00e9rentes. Parmi eux, deux spectacles sortent particuli\u00e8rement du lot. Accessible d\u00e8s 4\u00a0ans, Ourk, sera sur les planches du <a href=\"https:\/\/www.laprovence.com\/article\/sorties-loisirs\/4724045\/le-theatre-de-lodeon-reve-de-valse.html\" target=\"_blank\" rel=\"noopener\">th\u00e9\u00e2tre de l\u2019Od\u00e9on<\/a> (1er) le 10\u00a0mars \u00e0 17h30 \u00e0 partir de 5\u20ac. Ce concert m\u00eale le krautrock (terme ironique pour d\u00e9signer le rock progressif, exp\u00e9rimental et psych\u00e9d\u00e9lique allemand ayant \u00e9merg\u00e9 \u00e0 la fin des ann\u00e9es\u00a01960) et l\u2019\u00e9lectro, et le rock\u2019n\u2019roll avec la cumbia. Un petit tour du monde des instruments et une invitation au \u00ab\u00a0m\u00e9tissage musical\u00a0\u00bb.<\/p>\n<p>Le lendemain, Zola pas comme Emile, accessible d\u00e8s 10\u00a0ans au th\u00e9\u00e2tre de l\u2019Od\u00e9on \u00e0 18h, mixe r\u00e9cit et rap pour vulgariser la th\u00e9matique de la naturalisation et de la francisation des pr\u00e9noms d\u2019enfants n\u00e9s en France de parents \u00e9trangers. Auteur et interpr\u00e8te du spectacle, Forbon N\u2019Zakimuena puise dans son r\u00e9cit personnel et des documentaires l\u2019inspiration de ce spectacle gratuit.<\/p>\n<p>Seul changement cette nouvelle \u00e9dition\u00a0: la grille tarifaire. Babel Minots se d\u00e9fend en indiquant que le festival \u00ab\u00a0aspire \u00e0 une plus grande ind\u00e9pendance\u00a0\u00bb. Le prix de certains spectacles a un peu augment\u00e9, mais d\u2019autres restent en acc\u00e8s gratuit comme la proposition aupr\u00e8s des scolaires.<\/p>\n<p>Programmation compl\u00e8te et r\u00e9servations sur www.babelminots.com<\/p>\n","protected":false},"excerpt":{"rendered":"Le festival Babel Minots va souffler sa douzi\u00e8me bougie du 9 au 18\u00a0mars\u00a02026. Mais sa formule originale et&hellip;\n","protected":false},"author":2,"featured_media":644751,"comment_status":"","ping_status":"","sticky":false,"template":"","format":"standard","meta":{"footnotes":""},"categories":[2814],"tags":[5734,1111,11,70644,251,1777,674,849,1011,27,3913,884,24913,873,12,882,3532,25,15804],"class_list":{"0":"post-644750","1":"post","2":"type-post","3":"status-publish","4":"format-standard","5":"has-post-thumbnail","7":"category-marseille","8":"tag-5734","9":"tag-actu","10":"tag-actualites","11":"tag-babel","12":"tag-culture","13":"tag-eu","14":"tag-europe","15":"tag-festival","16":"tag-fr","17":"tag-france","18":"tag-jeune","19":"tag-marseille","20":"tag-minots","21":"tag-musique","22":"tag-news","23":"tag-provence-alpes-cote-dazur","24":"tag-public","25":"tag-republique-francaise","26":"tag-sinstalle"},"share_on_mastodon":{"url":"https:\/\/pubeurope.com\/@fr\/115848216849383699","error":""},"_links":{"self":[{"href":"https:\/\/www.europesays.com\/fr\/wp-json\/wp\/v2\/posts\/644750","targetHints":{"allow":["GET"]}}],"collection":[{"href":"https:\/\/www.europesays.com\/fr\/wp-json\/wp\/v2\/posts"}],"about":[{"href":"https:\/\/www.europesays.com\/fr\/wp-json\/wp\/v2\/types\/post"}],"author":[{"embeddable":true,"href":"https:\/\/www.europesays.com\/fr\/wp-json\/wp\/v2\/users\/2"}],"replies":[{"embeddable":true,"href":"https:\/\/www.europesays.com\/fr\/wp-json\/wp\/v2\/comments?post=644750"}],"version-history":[{"count":0,"href":"https:\/\/www.europesays.com\/fr\/wp-json\/wp\/v2\/posts\/644750\/revisions"}],"wp:featuredmedia":[{"embeddable":true,"href":"https:\/\/www.europesays.com\/fr\/wp-json\/wp\/v2\/media\/644751"}],"wp:attachment":[{"href":"https:\/\/www.europesays.com\/fr\/wp-json\/wp\/v2\/media?parent=644750"}],"wp:term":[{"taxonomy":"category","embeddable":true,"href":"https:\/\/www.europesays.com\/fr\/wp-json\/wp\/v2\/categories?post=644750"},{"taxonomy":"post_tag","embeddable":true,"href":"https:\/\/www.europesays.com\/fr\/wp-json\/wp\/v2\/tags?post=644750"}],"curies":[{"name":"wp","href":"https:\/\/api.w.org\/{rel}","templated":true}]}}