{"id":644766,"date":"2026-01-06T12:52:14","date_gmt":"2026-01-06T12:52:14","guid":{"rendered":"https:\/\/www.europesays.com\/fr\/644766\/"},"modified":"2026-01-06T12:52:14","modified_gmt":"2026-01-06T12:52:14","slug":"lesperanto-reprend-ses-cours-avec-des-visiteurs-de-russie","status":"publish","type":"post","link":"https:\/\/www.europesays.com\/fr\/644766\/","title":{"rendered":"L&rsquo;esp\u00e9ranto reprend ses cours avec des visiteurs de Russie"},"content":{"rendered":"<p>Les cours hebdomadaires d\u2019esp\u00e9ranto reprennent ce samedi 10 janvier \u00e0 14 heures \u00e0 la Salle de R\u00e9ception de Verniolle, sous la Biblioth\u00e8que, pr\u00e8s de la Mairie. Une rentr\u00e9e plac\u00e9e sous le signe de l\u2019ouverture internationale, apr\u00e8s la visite remarqu\u00e9e de deux esp\u00e9rantophones russes.<\/p>\n<p><strong>Quand l\u2019esp\u00e9ranto fait fi des fronti\u00e8res politiques<\/strong><\/p>\n<p>Dans un contexte g\u00e9opolitique tendu, l\u2019esp\u00e9ranto d\u00e9montre une fois de plus sa vocation premi\u00e8re : rapprocher les peuples par-del\u00e0 les clivages politiques. R\u00e9cemment, Verniolle et son cours d\u2019esp\u00e9ranto hebdomadaire ont accueilli deux visiteurs exceptionnels venus de Russie, illustrant parfaitement que certains humains gardent intactes leur volont\u00e9 de voyager, d\u2019\u00e9changer et de partager, malgr\u00e9 les turbulences internationales.<\/p>\n<p>Le premier visiteur, Gabi, n\u2019est pas un inconnu pour les esp\u00e9rantistes ari\u00e9geois. Fid\u00e8le des cours dispens\u00e9s au LEO de Foix, il y a c\u00f4toy\u00e9 deux figures embl\u00e9matiques du mouvement local : Alain Casiez, qui y lan\u00e7a le c\u00e9l\u00e8bre \u00ab\u00a0Caf\u00e9 des Langues\u00a0\u00bb avant d\u2019en devenir pr\u00e9sident, et Ren\u00e9 Ballaguy, r\u00e9cemment disparu et dont la m\u00e9moire reste vive dans la communaut\u00e9.<\/p>\n<p>Quant au second visiteur, Mikaelo, son parcours t\u00e9moigne d\u2019un cosmopolitisme fascinant. Partageant son temps entre Quillan, Barcelone et\u2026 Moscou, ce globe-trotter linguistique a tenu \u00e0 immortaliser son passage \u00e0 Verniolle en photographiant le professeur d\u2019esp\u00e9ranto local au \u00ab\u00a0Jardin\u00a0\u00bb \u2013 lieu au nom pr\u00e9destin\u00e9 qui a vu d\u00e9filer des citoyens des quatre coins du monde.<\/p>\n<p><strong>Une association d\u00e9partementale dynamique<\/strong><\/p>\n<p>Ce samedi 10 janvier marquera \u00e9galement un moment important pour la vie associative locale. Apr\u00e8s le cours et un temps convivial de jeux, une r\u00e9union sera consacr\u00e9e \u00e0 l\u2019association d\u00e9partementale \u00ab\u00a0Esp\u00e9ranto-Ari\u00e8ge\u00a0\u00bb, dont le si\u00e8ge se trouve en Mairie de Verniolle.<\/p>\n<p>L\u2019Assembl\u00e9e G\u00e9n\u00e9rale, r\u00e9cemment tenue \u00e0 Foix, a d\u2019ailleurs proc\u00e9d\u00e9 \u00e0 des \u00e9lections : Gabi Dando a \u00e9t\u00e9 \u00e9lu secr\u00e9taire, succ\u00e9dant \u00e0 Claude Fressonnet, d\u00e9sormais tr\u00e9sori\u00e8re de l\u2019association.<\/p>\n<p><strong>Un calendrier 2026 bien rempli<\/strong><\/p>\n<p>L\u2019ann\u00e9e s\u2019annonce riche en \u00e9v\u00e9nements pour les esp\u00e9rantistes ari\u00e9geois. Parmi les temps forts \u00e0 venir figurent le 33e stage de Chant choral en Pays d\u2019Olmes et l\u2019Assembl\u00e9e G\u00e9n\u00e9rale de la f\u00e9d\u00e9ration r\u00e9gionale \u00ab\u00a0Esp\u00e9rantOccitanie\u00a0\u00bb, qui se tiendra en Ari\u00e8ge d\u00e9but mars.<\/p>\n<p><strong>Tous bienvenus !<\/strong><\/p>\n<p>Pour ce premier cours de l\u2019ann\u00e9e 2026, \u00e0 14 heures \u00e0 la Salle de R\u00e9ception de Verniolle, les organisateurs rappellent que chacun est bienvenu : curieux souhaitant d\u00e9couvrir cette langue internationale, anciens \u00e9l\u00e8ves d\u00e9sireux de reprendre, nouveaux apprenants, ou encore visiteurs \u00e9trangers de passage dans notre belle Ari\u00e8ge.<\/p>\n<p>L\u2019esp\u00e9ranto continue ainsi de prouver que, par-del\u00e0 les diff\u00e9rences et les tensions, le d\u00e9sir de communication et de fraternit\u00e9 demeure plus fort que tout.<\/p>\n<p>Cours d\u2019esp\u00e9ranto, samedi 10 janvier 2026, 14h, Salle de R\u00e9ception de Verniolle (sous la Biblioth\u00e8que, pr\u00e8s de la Mairie)<\/p>\n<p><a href=\"http:\/\/esperanto.ariege.free.fr\" target=\"_blank\" rel=\"noopener\" title=\"\">e<\/a><a href=\"http:\/\/esperanto.ariege.free.fr\" target=\"_blank\" rel=\"noopener\">speranto.ariege.free.fr<\/a><\/p>\n","protected":false},"excerpt":{"rendered":"Les cours hebdomadaires d\u2019esp\u00e9ranto reprennent ce samedi 10 janvier \u00e0 14 heures \u00e0 la Salle de R\u00e9ception de&hellip;\n","protected":false},"author":2,"featured_media":644767,"comment_status":"","ping_status":"","sticky":false,"template":"","format":"standard","meta":{"footnotes":""},"categories":[1591],"tags":[11,1887,12,1885,1886,132],"class_list":{"0":"post-644766","1":"post","2":"type-post","3":"status-publish","4":"format-standard","5":"has-post-thumbnail","7":"category-russie","8":"tag-actualites","9":"tag-federation-de-russie","10":"tag-news","11":"tag-russia","12":"tag-russian-federation","13":"tag-russie"},"share_on_mastodon":{"url":"https:\/\/pubeurope.com\/@fr\/115848252228000626","error":""},"_links":{"self":[{"href":"https:\/\/www.europesays.com\/fr\/wp-json\/wp\/v2\/posts\/644766","targetHints":{"allow":["GET"]}}],"collection":[{"href":"https:\/\/www.europesays.com\/fr\/wp-json\/wp\/v2\/posts"}],"about":[{"href":"https:\/\/www.europesays.com\/fr\/wp-json\/wp\/v2\/types\/post"}],"author":[{"embeddable":true,"href":"https:\/\/www.europesays.com\/fr\/wp-json\/wp\/v2\/users\/2"}],"replies":[{"embeddable":true,"href":"https:\/\/www.europesays.com\/fr\/wp-json\/wp\/v2\/comments?post=644766"}],"version-history":[{"count":0,"href":"https:\/\/www.europesays.com\/fr\/wp-json\/wp\/v2\/posts\/644766\/revisions"}],"wp:featuredmedia":[{"embeddable":true,"href":"https:\/\/www.europesays.com\/fr\/wp-json\/wp\/v2\/media\/644767"}],"wp:attachment":[{"href":"https:\/\/www.europesays.com\/fr\/wp-json\/wp\/v2\/media?parent=644766"}],"wp:term":[{"taxonomy":"category","embeddable":true,"href":"https:\/\/www.europesays.com\/fr\/wp-json\/wp\/v2\/categories?post=644766"},{"taxonomy":"post_tag","embeddable":true,"href":"https:\/\/www.europesays.com\/fr\/wp-json\/wp\/v2\/tags?post=644766"}],"curies":[{"name":"wp","href":"https:\/\/api.w.org\/{rel}","templated":true}]}}