{"id":644768,"date":"2026-01-06T12:53:11","date_gmt":"2026-01-06T12:53:11","guid":{"rendered":"https:\/\/www.europesays.com\/fr\/644768\/"},"modified":"2026-01-06T12:53:11","modified_gmt":"2026-01-06T12:53:11","slug":"a-lelysee-les-allies-de-lukraine-discutent-cessez-le-feu-et-garanties-de-securite-avec-les-envoyes-de-trump","status":"publish","type":"post","link":"https:\/\/www.europesays.com\/fr\/644768\/","title":{"rendered":"\u00c0 l\u2019\u00c9lys\u00e9e, les alli\u00e9s de l\u2019Ukraine discutent cessez-le-feu et garanties de s\u00e9curit\u00e9 avec les envoy\u00e9s de Trump"},"content":{"rendered":"<p class=\"intro \">Une r\u00e9union de 27 dirigeants se d\u00e9roule ce mardi \u00e0 l&rsquo;\u00c9lys\u00e9e autour d&rsquo;Emmanuel Macron pour afficher l\u2019unit\u00e9 des alli\u00e9s de l\u2019Ukraine. Pour la premi\u00e8re fois, les \u00e9missaires de Donald Trump, Jared Kushner et Steve Witkoff, seront pr\u00e9sents \u00e0 Paris. L&rsquo;objectif de ce rendez-vous est de passer du soutien politique aux engagements concrets.<\/p>\n<p>La coalition des volontaires ce mardi \u00e0 Paris : <a href=\"https:\/\/www.europe1.fr\/dossiers\/emmanuel-macron\" target=\"_blank\" rel=\"noopener\">Emmanuel Macron<\/a> r\u00e9unit 27 dirigeants \u00e0 l\u2019\u00c9lys\u00e9e <a href=\"https:\/\/www.europe1.fr\/politique\/coalition-des-volontaires-a-paris-emmanuel-macron-veut-afficher-lunite-des-soutiens-de-lukraine-face-a-moscou-877422\" target=\"_blank\" rel=\"noopener\">pour afficher l\u2019unit\u00e9 des alli\u00e9s de l\u2019Ukraine<\/a>. Et fait in\u00e9dit : les \u00e9missaires de Donald Trump seront pr\u00e9sents pour la premi\u00e8re fois en pr\u00e9sentiel. Une participation salu\u00e9e par l\u2019\u00c9lys\u00e9e, qui y voit le signe d\u2019un rapprochement avec Washington sur les perspectives de paix.<\/p>\n<p>    La suite apr\u00e8s cette publicit\u00e9<\/p>\n<p>    La suite apr\u00e8s cette publicit\u00e9<\/p>\n<p>Jared Kushner et Steve Witkoff pr\u00e9sents<\/p>\n<p>Passer du soutien politique aux engagements concrets, c\u2019est l\u2019objectif de cette r\u00e9union. Autour de la table, pr\u00e8s d\u2019une trentaine de pays et un noyau europ\u00e9en. Nouveaut\u00e9 : les repr\u00e9sentants de Donald Trump, Jared Kushner et Steve Witkoff. Premi\u00e8re participation am\u00e9ricaine \u00e0 la coalition se f\u00e9licite l\u2019Elys\u00e9e. Le secr\u00e9taire d\u2019Etat Marco Rubio devait m\u00eame faire le d\u00e9placement mais il a revu ses plans, explique Paris, apr\u00e8s la capture du pr\u00e9sident v\u00e9n\u00e9zu\u00e9lien Nicolas Maduro.<\/p>\n<p>En tout cas, l\u2019entourage d\u2019Emmanuel Macron met en avant une \u00ab\u00a0reconvergence\u00a0\u00bb entre Am\u00e9ricains, Europ\u00e9ens, et Ukrainiens sur la paix \u00e0 long terme\u2026 et salue une \u00ab\u00a0vraie performance\u00a0\u00bb. Au programme des discussions : le soutien aux forces ukrainiennes, les modalit\u00e9s d\u2019un cessez-le-feu, et l\u2019\u00e9ventuelle cr\u00e9ation d\u2019une force multinationale de \u00ab\u00a0r\u00e9assurance\u00a0\u00bb pour s\u00e9curiser le territoire.<\/p>\n<p>    La suite apr\u00e8s cette publicit\u00e9<\/p>\n<p>    La suite apr\u00e8s cette publicit\u00e9<\/p>\n<p>\u00ab\u00a0Nous avons converg\u00e9 sur les modalit\u00e9s op\u00e9rationnelles de ces garanties de s\u00e9curit\u00e9\u00a0\u00bb, assure l\u2019Elys\u00e9e qui promet que les d\u00e9tails seront pr\u00e9sent\u00e9s ce mardi dans la limite de ce que permet le secret militaire.<\/p>\n","protected":false},"excerpt":{"rendered":"Une r\u00e9union de 27 dirigeants se d\u00e9roule ce mardi \u00e0 l&rsquo;\u00c9lys\u00e9e autour d&rsquo;Emmanuel Macron pour afficher l\u2019unit\u00e9 des&hellip;\n","protected":false},"author":2,"featured_media":644769,"comment_status":"","ping_status":"","sticky":false,"template":"","format":"standard","meta":{"footnotes":""},"categories":[1590],"tags":[11,1777,674,12,220],"class_list":{"0":"post-644768","1":"post","2":"type-post","3":"status-publish","4":"format-standard","5":"has-post-thumbnail","7":"category-ukraine","8":"tag-actualites","9":"tag-eu","10":"tag-europe","11":"tag-news","12":"tag-ukraine"},"share_on_mastodon":{"url":"https:\/\/pubeurope.com\/@fr\/115848256102788061","error":""},"_links":{"self":[{"href":"https:\/\/www.europesays.com\/fr\/wp-json\/wp\/v2\/posts\/644768","targetHints":{"allow":["GET"]}}],"collection":[{"href":"https:\/\/www.europesays.com\/fr\/wp-json\/wp\/v2\/posts"}],"about":[{"href":"https:\/\/www.europesays.com\/fr\/wp-json\/wp\/v2\/types\/post"}],"author":[{"embeddable":true,"href":"https:\/\/www.europesays.com\/fr\/wp-json\/wp\/v2\/users\/2"}],"replies":[{"embeddable":true,"href":"https:\/\/www.europesays.com\/fr\/wp-json\/wp\/v2\/comments?post=644768"}],"version-history":[{"count":0,"href":"https:\/\/www.europesays.com\/fr\/wp-json\/wp\/v2\/posts\/644768\/revisions"}],"wp:featuredmedia":[{"embeddable":true,"href":"https:\/\/www.europesays.com\/fr\/wp-json\/wp\/v2\/media\/644769"}],"wp:attachment":[{"href":"https:\/\/www.europesays.com\/fr\/wp-json\/wp\/v2\/media?parent=644768"}],"wp:term":[{"taxonomy":"category","embeddable":true,"href":"https:\/\/www.europesays.com\/fr\/wp-json\/wp\/v2\/categories?post=644768"},{"taxonomy":"post_tag","embeddable":true,"href":"https:\/\/www.europesays.com\/fr\/wp-json\/wp\/v2\/tags?post=644768"}],"curies":[{"name":"wp","href":"https:\/\/api.w.org\/{rel}","templated":true}]}}