{"id":644770,"date":"2026-01-06T12:54:11","date_gmt":"2026-01-06T12:54:11","guid":{"rendered":"https:\/\/www.europesays.com\/fr\/644770\/"},"modified":"2026-01-06T12:54:11","modified_gmt":"2026-01-06T12:54:11","slug":"les-europeens-apportent-leur-soutien-au-groenland-et-au-danemark-apres-les-revendications-de-trump-et-loperation-militaire-a-caracas-2","status":"publish","type":"post","link":"https:\/\/www.europesays.com\/fr\/644770\/","title":{"rendered":"les Europ\u00e9ens apportent leur soutien au Groenland et au Danemark apr\u00e8s les revendications de Trump et l\u2019op\u00e9ration militaire \u00e0 Caracas"},"content":{"rendered":"<p>   Les Europ\u00e9ens apportent leur soutien au Groenland et au Danemark             <\/p>\n<p class=\"post__live-container--answer-text post__space-node\">Les dirigeants de la France, de l\u2019Allemagne, de l\u2019Italie, de la Pologne, de l\u2019Espagne et du Royaume-Uni ont apport\u00e9 mardi dans une d\u00e9claration commune leur soutien au Danemark face aux revendications de Donald Trump concernant le Groenland.<\/p>\n<p class=\"post__live-container--answer-text post__space-node\">\u00ab\u00a0Il revient au Danemark et au Groenland, et \u00e0 eux seuls, de d\u00e9cider des questions concernant le Danemark et le Groenland\u00a0\u00bb, ont d\u00e9clar\u00e9 les dirigeants europ\u00e9ens, soulignant que le Royaume fait \u00ab\u00a0partie\u00a0\u00bb de l\u2019Organisation du trait\u00e9 de l\u2019Atlantique Nord (OTAN) comme les Etats-Unis, eux-m\u00eames li\u00e9s \u00e0 Copenhague par un accord de d\u00e9fense.<\/p>\n<p class=\"post__live-container--answer-text post__space-node\">\u00ab\u00a0Le Royaume du Danemark \u2013 y compris le Groenland \u2013 fait partie de l\u2019OTAN. La s\u00e9curit\u00e9 dans l\u2019Arctique doit donc \u00eatre assur\u00e9e collectivement, en coop\u00e9ration avec les alli\u00e9s de l\u2019OTAN, y compris les \u00c9tats-Unis\u00a0\u00bb, affirment-ils dans une d\u00e9claration publi\u00e9e notamment par la chancellerie allemande.<\/p>\n<p class=\"post__live-container--answer-text post__space-node\">Selon Emmanuel Macron, Friedrich Merz, Giorgia Meloni, Donald Tusk, Pedro Sanchez, Keir Starmer et Mette Frederiksen, cette coop\u00e9ration doit respecter\u00a0\u00ab\u00a0les principes de la Charte des Nations unies, notamment la souverainet\u00e9, l\u2019int\u00e9grit\u00e9 territoriale et l\u2019inviolabilit\u00e9 des fronti\u00e8res\u00a0\u00bb.<\/p>\n<p class=\"post__live-container--answer-text post__space-node\">\u00ab\u00a0Ce sont des principes universels, et nous ne cesserons pas de les d\u00e9fendre\u00a0\u00bb, ajoutent les dirigeants des principaux pays europ\u00e9ens.<\/p>\n<p class=\"post__live-container--answer-text post__space-node\">Interrog\u00e9 par le magazine am\u00e9ricain The Atlantic sur les implications pour le Groenland de l\u2019op\u00e9ration militaire men\u00e9e par les forces sp\u00e9ciales am\u00e9ricaines au Venezuela, Donald Trump a d\u00e9clar\u00e9 que c\u2019\u00e9tait \u00e0 ses partenaires de les \u00e9valuer\u00a0: \u00ab\u00a0Ils vont devoir se faire leur propre opinion.\u00a0\u00bb<\/p>\n<p class=\"post__live-container--answer-text post__space-node\">Le pr\u00e9sident am\u00e9ricain r\u00e9p\u00e8te avoir \u00ab\u00a0besoin du Groenland du point de vue de la s\u00e9curit\u00e9 nationale\u00a0\u00bb. \u00ab\u00a0Le Danemark ne sera pas en mesure de s\u2019en occuper\u00a0\u00bb, a-t-il affirm\u00e9 devant des journalistes \u00e0 bord d\u2019Air Force One dimanche soir, assurant qu\u2019il allait s\u2019occuper \u00ab\u00a0du Groenland dans environ deux mois\u00a0\u00bb, voire \u00ab\u00a0dans vingt jours\u00a0\u00bb.<\/p>\n","protected":false},"excerpt":{"rendered":"Les Europ\u00e9ens apportent leur soutien au Groenland et au Danemark Les dirigeants de la France, de l\u2019Allemagne, de&hellip;\n","protected":false},"author":2,"featured_media":644771,"comment_status":"","ping_status":"","sticky":false,"template":"","format":"standard","meta":{"footnotes":""},"categories":[1589],"tags":[11,73,1866,12,1864,1865,1863,308],"class_list":{"0":"post-644770","1":"post","2":"type-post","3":"status-publish","4":"format-standard","5":"has-post-thumbnail","7":"category-etats-unis","8":"tag-actualites","9":"tag-etats-unis","10":"tag-etats-unis-damerique","11":"tag-news","12":"tag-united-states","13":"tag-united-states-of-america","14":"tag-us","15":"tag-usa"},"share_on_mastodon":{"url":"https:\/\/pubeurope.com\/@fr\/115848260090057721","error":""},"_links":{"self":[{"href":"https:\/\/www.europesays.com\/fr\/wp-json\/wp\/v2\/posts\/644770","targetHints":{"allow":["GET"]}}],"collection":[{"href":"https:\/\/www.europesays.com\/fr\/wp-json\/wp\/v2\/posts"}],"about":[{"href":"https:\/\/www.europesays.com\/fr\/wp-json\/wp\/v2\/types\/post"}],"author":[{"embeddable":true,"href":"https:\/\/www.europesays.com\/fr\/wp-json\/wp\/v2\/users\/2"}],"replies":[{"embeddable":true,"href":"https:\/\/www.europesays.com\/fr\/wp-json\/wp\/v2\/comments?post=644770"}],"version-history":[{"count":0,"href":"https:\/\/www.europesays.com\/fr\/wp-json\/wp\/v2\/posts\/644770\/revisions"}],"wp:featuredmedia":[{"embeddable":true,"href":"https:\/\/www.europesays.com\/fr\/wp-json\/wp\/v2\/media\/644771"}],"wp:attachment":[{"href":"https:\/\/www.europesays.com\/fr\/wp-json\/wp\/v2\/media?parent=644770"}],"wp:term":[{"taxonomy":"category","embeddable":true,"href":"https:\/\/www.europesays.com\/fr\/wp-json\/wp\/v2\/categories?post=644770"},{"taxonomy":"post_tag","embeddable":true,"href":"https:\/\/www.europesays.com\/fr\/wp-json\/wp\/v2\/tags?post=644770"}],"curies":[{"name":"wp","href":"https:\/\/api.w.org\/{rel}","templated":true}]}}