{"id":644796,"date":"2026-01-06T13:14:16","date_gmt":"2026-01-06T13:14:16","guid":{"rendered":"https:\/\/www.europesays.com\/fr\/644796\/"},"modified":"2026-01-06T13:14:16","modified_gmt":"2026-01-06T13:14:16","slug":"gilles-verdez-absent-de-tout-beau-tout-neuf-mais-ou-est-passe-le-chroniqueur-de-lemission-de-cyril-hanouna","status":"publish","type":"post","link":"https:\/\/www.europesays.com\/fr\/644796\/","title":{"rendered":"Gilles Verdez absent de \u00ab\u00a0Tout beau, tout neuf\u00a0\u00bb: mais o\u00f9 est pass\u00e9 le chroniqueur de l\u2019\u00e9mission de Cyril Hanouna\u00a0?"},"content":{"rendered":"<p>\n                                                                Le chroniqueur Gilles Verdez \u00e9tait absent de l\u2019\u00e9mission \u00ab\u00a0Tout beau, tout neuf\u00a0\u00bb de Cyril Hanouna sur W9 ce lundi 5\u00a0janvier 2026. Il ne sera pas l\u00e0 ce soir \u00e9galement ni les jours suivants. On vous explique pourquoi.\n                            <\/p>\n<p>Il n\u2019a pas fait sa rentr\u00e9e autour de la table de Cyril Hanouna ce lundi 5\u00a0janvier. Gilles Verdez \u00e9tait absent sur le plateau de l\u2019\u00e9mission \u00ab\u00a0Tout beau, tout neuf\u00a0\u00bb, film\u00e9e en direct sur W9.<\/p>\n<p>Au programme, un d\u00e9cryptage de la 200e \u00e9mission de la Star Academy ou encore la retransmission d\u2019un des concerts de Gims \u00e0 la Defense Arena, r\u00e9sume\u00a0<a href=\"https:\/\/www.programme-tv.net\/news\/tv\/395300-tout-beau-tout-neuf-gilles-verdez-absent-durant-plusieurs-jours-dans-l-emission-cyril-hanouna-donne-la-date-de-son-retour\/\" target=\"_self\" rel=\"noopener\">T\u00e9l\u00e9-Loisirs.<\/a><\/p>\n<p>Jordan de Luxe a pris le relais de son confr\u00e8re pour la chronique people. \u00ab\u00a0Oui, dis donc, je suis l\u2019int\u00e9rim de Gilles Verdez\u00a0\u00bb, a confirm\u00e9 l\u2019animateur.<\/p>\n<p>\u00ab\u00a0Il ne sera pas l\u00e0\u00a0\u00bb<\/p>\n<p><a href=\"https:\/\/www.midilibre.fr\/2025\/12\/22\/il-fait-un-voyage-en-debut-dannee-cyril-hanouna-revele-quun-chroniqueur-phare-de-tbt9-sera-absent-a-la-rentree-13125924.php\" target=\"_self\" rel=\"noopener\">Le chroniqueur de 61 ans est parti se reposer quelques jours<\/a>, comme l\u2019avait annonc\u00e9 Cyril Hanouna le 19\u00a0d\u00e9cembre dernier.\u00a0\u00ab\u00a0Voil\u00e0, il fait un voyage en d\u00e9but d\u2019ann\u00e9e. Il ne sera pas l\u00e0 la premi\u00e8re semaine, parce qu\u2019il am\u00e8ne Fatou en Asie\u00a0\u00bb.\u00a0Gilles Verdez avait alors pr\u00e9cis\u00e9 que ce voyage aller se d\u00e9rouler \u00ab\u00a0notamment au Vietnam\u00a0\u00bb, en amoureux. \u00ab\u00a0Je vous remercie Cyril de me donner cette semaine parce qu\u2019elle peut aussi pour son travail\u00a0\u00bb, avait ajout\u00e9 le sexag\u00e9naire.<\/p>\n<p>\u00ab\u00a0Il ne revient\u2026 pas\u00a0!\u00a0\u00bb<\/p>\n<p>Sur le plateau de l\u2019\u00e9mission ce 5\u00a0janvier, le pr\u00e9sentateur de TBT9 a plaisant\u00e9\u00a0: \u00ab\u00a0Il ne revient\u2026 pas\u00a0!\u00a0\u00bb avant de glisser, sous les rires du public\u00a0: \u00ab\u00a0Il revient lundi\u00a0\u00bb (le 12\u00a0janvier, NDLR).<\/p>\n<p>Cyril Hanouna a profit\u00e9 de la reprise pour annoncer faire \u00ab\u00a0de plus en plus de prime\u00a0time\u00a0dont un d\u00e8s le mercredi 14\u00a0janvier, le prime des v\u00e9rit\u00e9s\u00a0\u00bb.<\/p>\n","protected":false},"excerpt":{"rendered":"Le chroniqueur Gilles Verdez \u00e9tait absent de l\u2019\u00e9mission \u00ab\u00a0Tout beau, tout neuf\u00a0\u00bb de Cyril Hanouna sur W9 ce&hellip;\n","protected":false},"author":2,"featured_media":644797,"comment_status":"","ping_status":"","sticky":false,"template":"","format":"standard","meta":{"footnotes":""},"categories":[1356],"tags":[58,59,1011,27,252,68925,1364],"class_list":{"0":"post-644796","1":"post","2":"type-post","3":"status-publish","4":"format-standard","5":"has-post-thumbnail","7":"category-television","8":"tag-divertissement","9":"tag-entertainment","10":"tag-fr","11":"tag-france","12":"tag-television","13":"tag-tu00e9lu00e9-mu00e9dias","14":"tag-tv"},"share_on_mastodon":{"url":"https:\/\/pubeurope.com\/@fr\/115848338685686581","error":""},"_links":{"self":[{"href":"https:\/\/www.europesays.com\/fr\/wp-json\/wp\/v2\/posts\/644796","targetHints":{"allow":["GET"]}}],"collection":[{"href":"https:\/\/www.europesays.com\/fr\/wp-json\/wp\/v2\/posts"}],"about":[{"href":"https:\/\/www.europesays.com\/fr\/wp-json\/wp\/v2\/types\/post"}],"author":[{"embeddable":true,"href":"https:\/\/www.europesays.com\/fr\/wp-json\/wp\/v2\/users\/2"}],"replies":[{"embeddable":true,"href":"https:\/\/www.europesays.com\/fr\/wp-json\/wp\/v2\/comments?post=644796"}],"version-history":[{"count":0,"href":"https:\/\/www.europesays.com\/fr\/wp-json\/wp\/v2\/posts\/644796\/revisions"}],"wp:featuredmedia":[{"embeddable":true,"href":"https:\/\/www.europesays.com\/fr\/wp-json\/wp\/v2\/media\/644797"}],"wp:attachment":[{"href":"https:\/\/www.europesays.com\/fr\/wp-json\/wp\/v2\/media?parent=644796"}],"wp:term":[{"taxonomy":"category","embeddable":true,"href":"https:\/\/www.europesays.com\/fr\/wp-json\/wp\/v2\/categories?post=644796"},{"taxonomy":"post_tag","embeddable":true,"href":"https:\/\/www.europesays.com\/fr\/wp-json\/wp\/v2\/tags?post=644796"}],"curies":[{"name":"wp","href":"https:\/\/api.w.org\/{rel}","templated":true}]}}