{"id":644798,"date":"2026-01-06T13:15:10","date_gmt":"2026-01-06T13:15:10","guid":{"rendered":"https:\/\/www.europesays.com\/fr\/644798\/"},"modified":"2026-01-06T13:15:10","modified_gmt":"2026-01-06T13:15:10","slug":"bruno-mars-annonce-la-sortie-de-son-premier-album-solo-en-dix-ans","status":"publish","type":"post","link":"https:\/\/www.europesays.com\/fr\/644798\/","title":{"rendered":"Bruno Mars annonce la sortie de son premier album solo en dix ans"},"content":{"rendered":"<p class=\"mb-4 text-lg md:leading-8 break-words\">Le chanteur, de son vrai nom Peter Gene Hernandez, a confirm\u00e9 sur X qu&rsquo;il avait termin\u00e9 son prochain disque, m\u00eame s&rsquo;il a r\u00e9v\u00e9l\u00e9 peu de d\u00e9tails sur le LP \u00e0 venir. En effet, c&rsquo;est par la simple phrase \u00ab Mon album est termin\u00e9 \u00bb, qu&rsquo;il en a inform\u00e9 ses fans.<\/p>\n<p class=\"mb-4 text-lg md:leading-8 break-words\">Le quatri\u00e8me album solo tr\u00e8s attendu de Bruno Mars sera son premier depuis 24K Magic, sorti en 2016, qui comprenait des succ\u00e8s tels que That&rsquo;s What I Like, Versace on the Floor et Finesse. 24K Magic a valu \u00e0 la star sept Grammys, dont celui de l&rsquo;album de l&rsquo;ann\u00e9e, celui du disque de l&rsquo;ann\u00e9e pour la chanson titre et celui de la chanson de l&rsquo;ann\u00e9e pour That&rsquo;s What I Like.<\/p>\n<p class=\"mb-4 text-lg md:leading-8 break-words\">Entre-temps, Bruno Mars s&rsquo;est associ\u00e9 \u00e0 Anderson.Paak pour former Silk Sonic et a sorti l&rsquo;album An Evening With Silk Sonic en 2021. Ce disque a \u00e9galement \u00e9t\u00e9 acclam\u00e9, en particulier le single principal, Leave the Door Open, qui a remport\u00e9 \u00e0 la fois le prix du disque et celui de la chanson de l&rsquo;ann\u00e9e aux Grammys 2022. Le duo avait d\u00e9cid\u00e9 de ne pas soumettre l&rsquo;album lui-m\u00eame \u00e0 l&rsquo;examen des Grammys, bien qu&rsquo;il fasse partie des meilleurs candidats.<\/p>\n<p class=\"mb-4 text-lg md:leading-8 break-words\">\u00ab Nous remercions les Grammys de nous avoir permis de nous produire sur leur plateforme &#8211; non pas une, mais deux fois &#8211; et de nous avoir r\u00e9compens\u00e9s lors de la c\u00e9r\u00e9monie de l&rsquo;ann\u00e9e derni\u00e8re, avait d\u00e9clar\u00e9 Bruno Mars \u00e0 Rolling Stone \u00e0 l&rsquo;\u00e9poque. Nous serions fous de demander quoi que ce soit de plus.<\/p>\n<p class=\"mb-4 text-lg md:leading-8 break-words\">Apr\u00e8s l&rsquo;\u00e8re Silk Sonic, Bruno Mars est revenu avec plusieurs duos, dont Fat, Juicy &amp; Wet avec Sexyy Redd, et Die With a Smile, le grand succ\u00e8s avec Lady Gaga qui a remport\u00e9 un Grammy en 2025. Il s&rsquo;est \u00e9galement associ\u00e9 \u00e0 Ros\u00e9 sur APT \u00e0 la fin de 2024, qui a re\u00e7u trois nominations aux Grammy Awards qui se d\u00e9rouleront le mois prochain, dont celle du disque et de la chanson de l&rsquo;ann\u00e9e.<\/p>\n","protected":false},"excerpt":{"rendered":"Le chanteur, de son vrai nom Peter Gene Hernandez, a confirm\u00e9 sur X qu&rsquo;il avait termin\u00e9 son prochain&hellip;\n","protected":false},"author":2,"featured_media":644799,"comment_status":"","ping_status":"","sticky":false,"template":"","format":"standard","meta":{"footnotes":""},"categories":[1355],"tags":[1692,75098,75097,58,59,1011,27,75096,1361,873,75095,75099],"class_list":{"0":"post-644798","1":"post","2":"type-post","3":"status-publish","4":"format-standard","5":"has-post-thumbnail","7":"category-musique","8":"tag-album","9":"tag-chanson-de-l39annee","10":"tag-disque-de-l39annee","11":"tag-divertissement","12":"tag-entertainment","13":"tag-fr","14":"tag-france","15":"tag-grammys","16":"tag-music","17":"tag-musique","18":"tag-peter-gene-hernandez","19":"tag-silk-sonic"},"share_on_mastodon":{"url":"https:\/\/pubeurope.com\/@fr\/115848342704263502","error":""},"_links":{"self":[{"href":"https:\/\/www.europesays.com\/fr\/wp-json\/wp\/v2\/posts\/644798","targetHints":{"allow":["GET"]}}],"collection":[{"href":"https:\/\/www.europesays.com\/fr\/wp-json\/wp\/v2\/posts"}],"about":[{"href":"https:\/\/www.europesays.com\/fr\/wp-json\/wp\/v2\/types\/post"}],"author":[{"embeddable":true,"href":"https:\/\/www.europesays.com\/fr\/wp-json\/wp\/v2\/users\/2"}],"replies":[{"embeddable":true,"href":"https:\/\/www.europesays.com\/fr\/wp-json\/wp\/v2\/comments?post=644798"}],"version-history":[{"count":0,"href":"https:\/\/www.europesays.com\/fr\/wp-json\/wp\/v2\/posts\/644798\/revisions"}],"wp:featuredmedia":[{"embeddable":true,"href":"https:\/\/www.europesays.com\/fr\/wp-json\/wp\/v2\/media\/644799"}],"wp:attachment":[{"href":"https:\/\/www.europesays.com\/fr\/wp-json\/wp\/v2\/media?parent=644798"}],"wp:term":[{"taxonomy":"category","embeddable":true,"href":"https:\/\/www.europesays.com\/fr\/wp-json\/wp\/v2\/categories?post=644798"},{"taxonomy":"post_tag","embeddable":true,"href":"https:\/\/www.europesays.com\/fr\/wp-json\/wp\/v2\/tags?post=644798"}],"curies":[{"name":"wp","href":"https:\/\/api.w.org\/{rel}","templated":true}]}}