{"id":644810,"date":"2026-01-06T13:21:11","date_gmt":"2026-01-06T13:21:11","guid":{"rendered":"https:\/\/www.europesays.com\/fr\/644810\/"},"modified":"2026-01-06T13:21:11","modified_gmt":"2026-01-06T13:21:11","slug":"a-las-vegas-couteaux-supersoniques-et-smartphones-pour-chiens-cotoient-une-ia-omnipresente","status":"publish","type":"post","link":"https:\/\/www.europesays.com\/fr\/644810\/","title":{"rendered":"\u00e0 Las Vegas, couteaux supersoniques et smartphones pour chiens c\u00f4toient une IA omnipr\u00e9sente"},"content":{"rendered":"<p>\n                                            \u00c0 lire aussi\n                                    <\/p>\n<p>                                                                                                                                                                                                                                                            <a href=\"https:\/\/www.lefigaro.fr\/secteur\/high-tech\/etats-unis-un-projet-de-taxe-zucman-sur-les-milliardaires-californiens-suscite-une-levee-de-boucliers-de-la-silicon-valley-20260102\" class=\"fig-ranking-profile-link\" aria-label=\"\u00c9tats-Unis\u00a0: un projet de \u00ab\u00a0taxe Zucman\u00a0\u00bb sur les milliardaires californiens suscite une lev\u00e9e de boucliers de la Silicon Valley (article Premium)\" title=\"\u00c9tats-Unis\u00a0: un projet de \u00ab\u00a0taxe Zucman\u00a0\u00bb sur les milliardaires californiens suscite une lev\u00e9e de boucliers de la Silicon Valley (article Premium)\" data-fig-domain=\"LEFIGARO\" target=\"_blank\" rel=\"noopener\"><\/p>\n<p>        \u00c9tats-Unis\u00a0: un projet de \u00ab\u00a0taxe Zucman\u00a0\u00bb sur les milliardaires californiens suscite une lev\u00e9e de boucliers de la Silicon Valley<\/p>\n<p>                                                <\/a><\/p>\n<p>        <img   class=\"fig-img fig-ranking-profile-media-small-picture__photo\" alt=\"\u00c9tats-Unis\u00a0: un projet de \u00ab\u00a0taxe Zucman\u00a0\u00bb sur les milliardaires californiens suscite une lev\u00e9e de boucliers de la Silicon Valley\" height=\"1687\" width=\"3000\"\/><\/p>\n<p class=\"fig-ranking-profile-standfirst\">\n    <strong>D\u00c9CRYPTAGE<\/strong> &#8211; Plusieurs figures de la tech am\u00e9ricaine parmi lesquelles Peter Thiel, cofondateur de Palantir et PayPal ou Larry Page, celui de Google, auraient d\u00e9plac\u00e9 certains de leurs actifs en Floride.\n<\/p>\n<p>                                                                                                                                                                                                                                                            <a href=\"https:\/\/www.lefigaro.fr\/secteur\/high-tech\/du-smartphone-a-bas-prix-aux-vehicules-electriques-la-folle-ascension-du-chinois-xiaomi-parmi-les-geants-mondiaux-de-la-tech-20250318\" class=\"fig-ranking-profile-link\" aria-label=\"Du smartphone \u00e0 bas prix aux v\u00e9hicules \u00e9lectriques: la folle ascension du chinois Xiaomi parmi les g\u00e9ants mondiaux de la tech (article Premium)\" title=\"Du smartphone \u00e0 bas prix aux v\u00e9hicules \u00e9lectriques: la folle ascension du chinois Xiaomi parmi les g\u00e9ants mondiaux de la tech (article Premium)\" data-fig-domain=\"LEFIGARO\" target=\"_blank\" rel=\"noopener\"><\/p>\n<p>        Du smartphone \u00e0 bas prix aux v\u00e9hicules \u00e9lectriques: la folle ascension du chinois Xiaomi parmi les g\u00e9ants mondiaux de la tech<\/p>\n<p>                                                <\/a><\/p>\n<p>        <img   class=\"fig-img fig-ranking-profile-media-small-picture__photo\" alt=\"Du smartphone \u00e0 bas prix aux v\u00e9hicules \u00e9lectriques: la folle ascension du chinois Xiaomi parmi les g\u00e9ants mondiaux de la tech\" height=\"2001\" width=\"3000\"\/><\/p>\n<p class=\"fig-ranking-profile-standfirst\">\n    <strong>R\u00c9CIT <\/strong>&#8211; En quinze ans, Xiaomi est devenu un conglom\u00e9rat technologique pesant 185 milliards de dollars. Son chiffre d\u2019affaires, port\u00e9 par la r\u00e9ussite exceptionnelle de sa voiture SU7, a augment\u00e9 de 35% sur un an. Mais elle pourrait \u00eatre une future cible pour l\u2019administration Trump.\n<\/p>\n<p>                            Publi\u00e9 il y a 1 heure                    <\/p>\n<p>                                                                                                                                                                                                                                                            <a href=\"https:\/\/www.lefigaro.fr\/secteur\/high-tech\/ces-2025-robots-compagnons-majordomes-virtuels-comment-la-maison-connectee-prend-vie-20250107\" class=\"fig-ranking-profile-link\" aria-label=\"CES 2025\u00a0: robots compagnons, majordomes virtuels\u2026 Comment la maison connect\u00e9e prend vie (article Premium)\" title=\"CES 2025\u00a0: robots compagnons, majordomes virtuels\u2026 Comment la maison connect\u00e9e prend vie (article Premium)\" data-fig-domain=\"LEFIGARO\" target=\"_blank\" rel=\"noopener\"><\/p>\n<p>        CES 2025\u00a0: robots compagnons, majordomes virtuels\u2026 Comment la maison connect\u00e9e prend vie<\/p>\n<p>                                                <\/a><\/p>\n<p>        <img   class=\"fig-img fig-ranking-profile-media-small-picture__photo\" alt=\"CES 2025\u00a0: robots compagnons, majordomes virtuels\u2026 Comment la maison connect\u00e9e prend vie\" height=\"864\" width=\"1536\"\/><\/p>\n<p class=\"fig-ranking-profile-standfirst\">\n    <strong>D\u00c9CRYPTAGE &#8211;<\/strong> Samsung et TCL ont d\u00e9voil\u00e9 des produits capables de se d\u00e9placer dans le foyer des consommateurs et d\u2019accomplir une s\u00e9rie de t\u00e2ches. LG, de son c\u00f4t\u00e9, mise sur un majordome dop\u00e9 \u00e0 l\u2019IA qui orchestre les objets connect\u00e9s de la maison et donne des conseils personnalis\u00e9s aux membres de la famille.\n<\/p>\n<p>                            Publi\u00e9 il y a 1 heure                    <\/p>\n","protected":false},"excerpt":{"rendered":"\u00c0 lire aussi \u00c9tats-Unis\u00a0: un projet de \u00ab\u00a0taxe Zucman\u00a0\u00bb sur les milliardaires californiens suscite une lev\u00e9e de boucliers&hellip;\n","protected":false},"author":2,"featured_media":644811,"comment_status":"","ping_status":"","sticky":false,"template":"","format":"standard","meta":{"footnotes":""},"categories":[6],"tags":[35,33,34,1011,27,223,192,962,16033],"class_list":{"0":"post-644810","1":"post","2":"type-post","3":"status-publish","4":"format-standard","5":"has-post-thumbnail","7":"category-economie","8":"tag-business","9":"tag-economie","10":"tag-economy","11":"tag-fr","12":"tag-france","13":"tag-intelligence-artificielle","14":"tag-las-vegas","15":"tag-nouvelles-technologies","16":"tag-tech"},"share_on_mastodon":{"url":"https:\/\/pubeurope.com\/@fr\/115848366267920125","error":""},"_links":{"self":[{"href":"https:\/\/www.europesays.com\/fr\/wp-json\/wp\/v2\/posts\/644810","targetHints":{"allow":["GET"]}}],"collection":[{"href":"https:\/\/www.europesays.com\/fr\/wp-json\/wp\/v2\/posts"}],"about":[{"href":"https:\/\/www.europesays.com\/fr\/wp-json\/wp\/v2\/types\/post"}],"author":[{"embeddable":true,"href":"https:\/\/www.europesays.com\/fr\/wp-json\/wp\/v2\/users\/2"}],"replies":[{"embeddable":true,"href":"https:\/\/www.europesays.com\/fr\/wp-json\/wp\/v2\/comments?post=644810"}],"version-history":[{"count":0,"href":"https:\/\/www.europesays.com\/fr\/wp-json\/wp\/v2\/posts\/644810\/revisions"}],"wp:featuredmedia":[{"embeddable":true,"href":"https:\/\/www.europesays.com\/fr\/wp-json\/wp\/v2\/media\/644811"}],"wp:attachment":[{"href":"https:\/\/www.europesays.com\/fr\/wp-json\/wp\/v2\/media?parent=644810"}],"wp:term":[{"taxonomy":"category","embeddable":true,"href":"https:\/\/www.europesays.com\/fr\/wp-json\/wp\/v2\/categories?post=644810"},{"taxonomy":"post_tag","embeddable":true,"href":"https:\/\/www.europesays.com\/fr\/wp-json\/wp\/v2\/tags?post=644810"}],"curies":[{"name":"wp","href":"https:\/\/api.w.org\/{rel}","templated":true}]}}