{"id":644812,"date":"2026-01-06T13:22:13","date_gmt":"2026-01-06T13:22:13","guid":{"rendered":"https:\/\/www.europesays.com\/fr\/644812\/"},"modified":"2026-01-06T13:22:13","modified_gmt":"2026-01-06T13:22:13","slug":"nicolas-maduro-lheritier-failli-de-la-revolution-bolivarienne-dhugo-chavez","status":"publish","type":"post","link":"https:\/\/www.europesays.com\/fr\/644812\/","title":{"rendered":"Nicolas Maduro, l\u2019h\u00e9ritier failli de la r\u00e9volution bolivarienne d\u2019Hugo Chavez"},"content":{"rendered":"<p>                     <img loading=\"lazy\" decoding=\"async\" src=\"https:\/\/www.europesays.com\/fr\/wp-content\/uploads\/2026\/01\/2a95921_upload-1-2b0bgmjnv8am-mgutierrez-venezuela-president-maduro-016.jpg\" alt=\"Le pr\u00e9sident v\u00e9n\u00e9zu\u00e9lien, Nicolas Maduro, salue des partisans lors d\u2019un rassemblement \u00e0 Caracas, le 1\u1d49\u02b3\u00a0mai\u00a02013.\"   width=\"664\" height=\"443\"\/>    Le pr\u00e9sident v\u00e9n\u00e9zu\u00e9lien, Nicolas Maduro, salue des partisans lors d\u2019un rassemblement \u00e0 Caracas, le 1\u1d49\u02b3\u00a0mai\u00a02013.  MERIDITH KOHUT POUR \u00ab\u00a0LE MONDE\u00a0\u00bb                 <\/p>\n<p class=\"article__paragraph  \">Le 8\u00a0d\u00e9cembre\u00a02012, Hugo Chavez, atteint d\u2019un cancer, s\u2019appr\u00eate \u00e0 subir une nouvelle op\u00e9ration \u00e0 Cuba. Le pr\u00e9sident v\u00e9n\u00e9zu\u00e9lien appelle alors ses concitoyens \u00e0 voter pour Nicolas Maduro si lui-m\u00eame venait \u00e0 dispara\u00eetre. Assis a ses c\u00f4t\u00e9s, celui qui est alors ministre des relations ext\u00e9rieures et vice-pr\u00e9sident reste impassible. \u00ab\u00a0Je n\u2019avais jamais voulu \u00eatre pr\u00e9sident\u00a0\u00bb, pr\u00e9cisera-t-il plus tard.<\/p>\n<p class=\"article__paragraph  \"><a href=\"https:\/\/www.lemonde.fr\/ameriques\/article\/2013\/03\/31\/venezuela-enquete-sur-la-mort-de-hugo-chavez_3151119_3222.html\" target=\"_blank\" rel=\"noopener\">Hugo Chavez meurt en mars\u00a02013<\/a>. Nicolas\u00a0Maduro est \u00e9lu de justesse en avril. Ni les partisans de la r\u00e9volution bolivarienne, ni ses d\u00e9tracteurs, ni probablement lui-m\u00eame ne pouvaient imaginer qu\u2019il resterait pr\u00e8s de treize ans au pouvoir. Un r\u00e8gne auquel les forces sp\u00e9ciales am\u00e9ricaines ont mis fin samedi 3\u00a0janvier \u00e0 l\u2019aube. Captur\u00e9 \u00e0 Caracas et enlev\u00e9 en compagnie de son \u00e9pouse, Cilia Flores, M.\u00a0Maduro s\u2019est montr\u00e9 \u00e9galement impassible en arrivant menott\u00e9 \u00e0 New York. \u00ab\u00a0Bonne nuit et bonne ann\u00e9e\u00a0\u00bb, a-t-il souhait\u00e9 \u00e0 ses ge\u00f4liers, du haut de son 1,95\u00a0m\u00e8tre.<\/p>\n<p class=\"article__paragraph  \">L\u2019homme a-t-il perdu son calme en entendant les mitraillettes am\u00e9ricaines abattre sa garde rapproch\u00e9e\u00a0? L\u2019\u00ab\u00a0intervention chirurgicale\u00a0\u00bb d\u00e9cid\u00e9e par le pr\u00e9sident am\u00e9ricain, Donald Trump, s\u2019est sold\u00e9e par la mort de quelque 80\u00a0personnes, selon un bilan non officiel. Pr\u00e9sent\u00e9 lundi devant un tribunal de New York, le dirigeant v\u00e9n\u00e9zu\u00e9lien s\u2019est d\u00e9clar\u00e9 \u00ab\u00a0non coupable\u00a0\u00bb des charges de narcotrafic qui p\u00e8sent contre lui. \u00ab\u00a0Je suis un prisonnier de guerre\u00a0\u00bb, a-t-il \u00e9nonc\u00e9.<\/p>\n<p class=\"reading-mode-only \"><strong>Il vous reste 83.56% de cet article \u00e0 lire. La suite est r\u00e9serv\u00e9e aux abonn\u00e9s.<\/strong><\/p>\n","protected":false},"excerpt":{"rendered":"Le pr\u00e9sident v\u00e9n\u00e9zu\u00e9lien, Nicolas Maduro, salue des partisans lors d\u2019un rassemblement \u00e0 Caracas, le 1\u1d49\u02b3\u00a0mai\u00a02013. MERIDITH KOHUT POUR&hellip;\n","protected":false},"author":2,"featured_media":644813,"comment_status":"","ping_status":"","sticky":false,"template":"","format":"standard","meta":{"footnotes":""},"categories":[5],"tags":[11,1011,27,14,12,28],"class_list":{"0":"post-644812","1":"post","2":"type-post","3":"status-publish","4":"format-standard","5":"has-post-thumbnail","7":"category-international","8":"tag-actualites","9":"tag-fr","10":"tag-france","11":"tag-international","12":"tag-news","13":"tag-world"},"share_on_mastodon":{"url":"https:\/\/pubeurope.com\/@fr\/115848370344221869","error":""},"_links":{"self":[{"href":"https:\/\/www.europesays.com\/fr\/wp-json\/wp\/v2\/posts\/644812","targetHints":{"allow":["GET"]}}],"collection":[{"href":"https:\/\/www.europesays.com\/fr\/wp-json\/wp\/v2\/posts"}],"about":[{"href":"https:\/\/www.europesays.com\/fr\/wp-json\/wp\/v2\/types\/post"}],"author":[{"embeddable":true,"href":"https:\/\/www.europesays.com\/fr\/wp-json\/wp\/v2\/users\/2"}],"replies":[{"embeddable":true,"href":"https:\/\/www.europesays.com\/fr\/wp-json\/wp\/v2\/comments?post=644812"}],"version-history":[{"count":0,"href":"https:\/\/www.europesays.com\/fr\/wp-json\/wp\/v2\/posts\/644812\/revisions"}],"wp:featuredmedia":[{"embeddable":true,"href":"https:\/\/www.europesays.com\/fr\/wp-json\/wp\/v2\/media\/644813"}],"wp:attachment":[{"href":"https:\/\/www.europesays.com\/fr\/wp-json\/wp\/v2\/media?parent=644812"}],"wp:term":[{"taxonomy":"category","embeddable":true,"href":"https:\/\/www.europesays.com\/fr\/wp-json\/wp\/v2\/categories?post=644812"},{"taxonomy":"post_tag","embeddable":true,"href":"https:\/\/www.europesays.com\/fr\/wp-json\/wp\/v2\/tags?post=644812"}],"curies":[{"name":"wp","href":"https:\/\/api.w.org\/{rel}","templated":true}]}}